{"id":3289,"date":"2024-07-16T13:36:28","date_gmt":"2024-07-16T11:36:28","guid":{"rendered":"https:\/\/bel-avie.com\/blog\/?p=3289"},"modified":"2024-07-16T13:36:32","modified_gmt":"2024-07-16T11:36:32","slug":"le-bilan-de-2023-pour-ladaptation-du-logement-a-la-perte-dautonomie","status":"publish","type":"post","link":"https:\/\/bel-avie.com\/blog\/le-bilan-de-2023-pour-ladaptation-du-logement-a-la-perte-dautonomie\/","title":{"rendered":"Le bilan de 2023 pour l&rsquo;adaptation du logement \u00e0 la perte d&rsquo;autonomie"},"content":{"rendered":"\t\t<div data-elementor-type=\"wp-post\" data-elementor-id=\"3289\" class=\"elementor elementor-3289\">\n\t\t\t\t\t\t\t\t\t<section class=\"elementor-section elementor-top-section elementor-element elementor-element-2eafa2f elementor-section-boxed elementor-section-height-default elementor-section-height-default\" data-id=\"2eafa2f\" data-element_type=\"section\">\n\t\t\t\t\t\t<div class=\"elementor-container elementor-column-gap-default\">\n\t\t\t\t\t<div class=\"elementor-column elementor-col-100 elementor-top-column elementor-element elementor-element-abe371d\" data-id=\"abe371d\" data-element_type=\"column\">\n\t\t\t<div class=\"elementor-widget-wrap elementor-element-populated\">\n\t\t\t\t\t\t\t\t<div class=\"elementor-element elementor-element-e309b38 elementor-widget elementor-widget-text-editor\" data-id=\"e309b38\" data-element_type=\"widget\" data-widget_type=\"text-editor.default\">\n\t\t\t\t<div class=\"elementor-widget-container\">\n\t\t\t<style>\/*! elementor - v3.15.0 - 20-08-2023 *\/\n.elementor-widget-text-editor.elementor-drop-cap-view-stacked .elementor-drop-cap{background-color:#69727d;color:#fff}.elementor-widget-text-editor.elementor-drop-cap-view-framed .elementor-drop-cap{color:#69727d;border:3px solid;background-color:transparent}.elementor-widget-text-editor:not(.elementor-drop-cap-view-default) .elementor-drop-cap{margin-top:8px}.elementor-widget-text-editor:not(.elementor-drop-cap-view-default) .elementor-drop-cap-letter{width:1em;height:1em}.elementor-widget-text-editor .elementor-drop-cap{float:left;text-align:center;line-height:1;font-size:50px}.elementor-widget-text-editor .elementor-drop-cap-letter{display:inline-block}<\/style>\t\t\t\t<h4 style=\"text-align: justify;\"><strong>L\u2019ANAH a d\u00e9voil\u00e9 son rapport d\u2019activit\u00e9 l\u2019ann\u00e9e 2023. Ce rapport permet de dresser le bilan en chiffres de l\u2019ann\u00e9e 2023 pour l\u2019adaptation de logement \u00e0 la perte d\u2019autonomie.<\/strong><\/h4>\t\t\t\t\t\t<\/div>\n\t\t\t\t<\/div>\n\t\t\t\t\t<\/div>\n\t\t<\/div>\n\t\t\t\t\t\t\t<\/div>\n\t\t<\/section>\n\t\t\t\t<section class=\"elementor-section elementor-top-section elementor-element elementor-element-9c6c59e elementor-section-boxed elementor-section-height-default elementor-section-height-default\" data-id=\"9c6c59e\" data-element_type=\"section\">\n\t\t\t\t\t\t<div class=\"elementor-container elementor-column-gap-default\">\n\t\t\t\t\t<div class=\"elementor-column elementor-col-100 elementor-top-column elementor-element elementor-element-17c2b70\" data-id=\"17c2b70\" data-element_type=\"column\">\n\t\t\t<div class=\"elementor-widget-wrap elementor-element-populated\">\n\t\t\t\t\t\t\t\t<div class=\"elementor-element elementor-element-5636b4f elementor-widget__width-initial elementor-widget elementor-widget-image\" data-id=\"5636b4f\" data-element_type=\"widget\" data-widget_type=\"image.default\">\n\t\t\t\t<div class=\"elementor-widget-container\">\n\t\t\t<style>\/*! elementor - v3.15.0 - 20-08-2023 *\/\n.elementor-widget-image{text-align:center}.elementor-widget-image a{display:inline-block}.elementor-widget-image a img[src$=\".svg\"]{width:48px}.elementor-widget-image img{vertical-align:middle;display:inline-block}<\/style>\t\t\t\t\t\t\t\t\t\t\t\t<img decoding=\"async\" width=\"640\" height=\"887\" src=\"https:\/\/bel-avie.com\/blog\/wp-content\/uploads\/2024\/06\/Capture-decran-2024-06-19-a-13.48.32-739x1024.png\" class=\"attachment-large size-large wp-image-3300\" alt=\"\" srcset=\"https:\/\/bel-avie.com\/blog\/wp-content\/uploads\/2024\/06\/Capture-decran-2024-06-19-a-13.48.32-739x1024.png 739w, https:\/\/bel-avie.com\/blog\/wp-content\/uploads\/2024\/06\/Capture-decran-2024-06-19-a-13.48.32-216x300.png 216w, https:\/\/bel-avie.com\/blog\/wp-content\/uploads\/2024\/06\/Capture-decran-2024-06-19-a-13.48.32-768x1065.png 768w, https:\/\/bel-avie.com\/blog\/wp-content\/uploads\/2024\/06\/Capture-decran-2024-06-19-a-13.48.32.png 818w\" sizes=\"(max-width: 640px) 100vw, 640px\" \/>\t\t\t\t\t\t\t\t\t\t\t\t\t\t\t<\/div>\n\t\t\t\t<\/div>\n\t\t\t\t<div class=\"elementor-element elementor-element-d9fd616 elementor-widget elementor-widget-text-editor\" data-id=\"d9fd616\" data-element_type=\"widget\" data-widget_type=\"text-editor.default\">\n\t\t\t\t<div class=\"elementor-widget-container\">\n\t\t\t\t\t\t\t<p style=\"text-align: justify;\">Le montant des aides vers\u00e9es est r\u00e9partis en <b>3 cat\u00e9gories :<\/b> le maintien \u00e0 domicile, les situations de handicap et l\u2019accessibilit\u00e9 de l\u2019immeuble.<\/p>\t\t\t\t\t\t<\/div>\n\t\t\t\t<\/div>\n\t\t\t\t\t<\/div>\n\t\t<\/div>\n\t\t\t\t\t\t\t<\/div>\n\t\t<\/section>\n\t\t\t\t<section class=\"elementor-section elementor-top-section elementor-element elementor-element-c72f679 elementor-section-boxed elementor-section-height-default elementor-section-height-default\" data-id=\"c72f679\" data-element_type=\"section\">\n\t\t\t\t\t\t<div class=\"elementor-container elementor-column-gap-default\">\n\t\t\t\t\t<div class=\"elementor-column elementor-col-100 elementor-top-column elementor-element elementor-element-e223078\" data-id=\"e223078\" data-element_type=\"column\">\n\t\t\t<div class=\"elementor-widget-wrap elementor-element-populated\">\n\t\t\t\t\t\t\t\t<div class=\"elementor-element elementor-element-b3868ab elementor-widget elementor-widget-text-editor\" data-id=\"b3868ab\" data-element_type=\"widget\" data-widget_type=\"text-editor.default\">\n\t\t\t\t<div class=\"elementor-widget-container\">\n\t\t\t\t\t\t\t<p style=\"text-align: justify;\"><strong>D\u2019apr\u00e8s Louise Faure,<\/strong> responsable des politiques d\u2019adaptation et de r\u00e9novation \u00e9nerg\u00e9tique <em>\u00ab En 2050, 35% de la population fran\u00e7aise aura plus de 65 ans. 84% des citoyens veulent vieillir chez eux, mais seulement 6% de l\u2019habitat est adapt\u00e9. \u00bb<\/em><br \/>En ce qui concerne les chutes \u00e0 domicile, elle d\u00e9clare <em>\u00ab En France, les chutes causent 135 000 hospitalisations par an et 10 000 morts, 2 fois plus que les accidents de la route. \u00bb<\/em><\/p>\t\t\t\t\t\t<\/div>\n\t\t\t\t<\/div>\n\t\t\t\t<div class=\"elementor-element elementor-element-60922c7 elementor-widget__width-initial elementor-widget elementor-widget-image\" data-id=\"60922c7\" data-element_type=\"widget\" data-widget_type=\"image.default\">\n\t\t\t\t<div class=\"elementor-widget-container\">\n\t\t\t\t\t\t\t\t\t\t\t\t\t\t\t<img decoding=\"async\" width=\"640\" height=\"571\" src=\"https:\/\/bel-avie.com\/blog\/wp-content\/uploads\/2024\/06\/Capture-decran-2024-06-19-a-13.49.00.png\" class=\"attachment-large size-large wp-image-3301\" alt=\"\" srcset=\"https:\/\/bel-avie.com\/blog\/wp-content\/uploads\/2024\/06\/Capture-decran-2024-06-19-a-13.49.00.png 970w, https:\/\/bel-avie.com\/blog\/wp-content\/uploads\/2024\/06\/Capture-decran-2024-06-19-a-13.49.00-300x268.png 300w, https:\/\/bel-avie.com\/blog\/wp-content\/uploads\/2024\/06\/Capture-decran-2024-06-19-a-13.49.00-768x686.png 768w\" sizes=\"(max-width: 640px) 100vw, 640px\" \/>\t\t\t\t\t\t\t\t\t\t\t\t\t\t\t<\/div>\n\t\t\t\t<\/div>\n\t\t\t\t\t<\/div>\n\t\t<\/div>\n\t\t\t\t\t\t\t<\/div>\n\t\t<\/section>\n\t\t\t\t<section class=\"elementor-section elementor-top-section elementor-element elementor-element-845e7bd elementor-section-boxed elementor-section-height-default elementor-section-height-default\" data-id=\"845e7bd\" data-element_type=\"section\">\n\t\t\t\t\t\t<div class=\"elementor-container elementor-column-gap-default\">\n\t\t\t\t\t<div class=\"elementor-column elementor-col-100 elementor-top-column elementor-element elementor-element-1a72ea8\" data-id=\"1a72ea8\" data-element_type=\"column\">\n\t\t\t<div class=\"elementor-widget-wrap elementor-element-populated\">\n\t\t\t\t\t\t\t\t<div class=\"elementor-element elementor-element-15a8998 elementor-widget elementor-widget-heading\" data-id=\"15a8998\" data-element_type=\"widget\" data-widget_type=\"heading.default\">\n\t\t\t\t<div class=\"elementor-widget-container\">\n\t\t\t<style>\/*! elementor - v3.15.0 - 20-08-2023 *\/\n.elementor-heading-title{padding:0;margin:0;line-height:1}.elementor-widget-heading .elementor-heading-title[class*=elementor-size-]>a{color:inherit;font-size:inherit;line-height:inherit}.elementor-widget-heading .elementor-heading-title.elementor-size-small{font-size:15px}.elementor-widget-heading .elementor-heading-title.elementor-size-medium{font-size:19px}.elementor-widget-heading .elementor-heading-title.elementor-size-large{font-size:29px}.elementor-widget-heading .elementor-heading-title.elementor-size-xl{font-size:39px}.elementor-widget-heading .elementor-heading-title.elementor-size-xxl{font-size:59px}<\/style><h2 class=\"elementor-heading-title elementor-size-default\">En 2024, \u00e7a donne quoi ?<\/h2>\t\t<\/div>\n\t\t\t\t<\/div>\n\t\t\t\t<div class=\"elementor-element elementor-element-457edd7 elementor-widget elementor-widget-text-editor\" data-id=\"457edd7\" data-element_type=\"widget\" data-widget_type=\"text-editor.default\">\n\t\t\t\t<div class=\"elementor-widget-container\">\n\t\t\t\t\t\t\t<p style=\"text-align: justify;\">L\u2019adaptation du logement \u00e0 la perte d\u2019autonomie devient donc un enjeu majeur pour le maintien de la population vieillissante \u00e0 domicile et dans la pr\u00e9vention de chutes et de blessures graves, pouvant parfois \u00eatre mortelles.<\/p>\n<p style=\"text-align: justify;\">C\u2019est dans cette vis\u00e9e que le gouvernement a mis en place l\u2019aide <strong>MaPrimeAdapt\u2019<\/strong> dont l\u2019objectif est de permettre d\u2019adapter <strong>45 000 logements d\u2019ici 2024<\/strong> et <strong>70 000 par an ensuite.<\/strong><\/p>\t\t\t\t\t\t<\/div>\n\t\t\t\t<\/div>\n\t\t\t\t<div class=\"elementor-element elementor-element-c2782c9 elementor-widget elementor-widget-text-editor\" data-id=\"c2782c9\" data-element_type=\"widget\" data-widget_type=\"text-editor.default\">\n\t\t\t\t<div class=\"elementor-widget-container\">\n\t\t\t\t\t\t\t<p style=\"text-align: justify;\"><span style=\"font-family: var( --e-global-typography-text-font-family ), Sans-serif;\">L\u2019objectif du dispositif et d\u2019anticiper la perte d\u2019autonomie en permettant aux personnes d\u2019adapter leurs logements en d\u00e9but de difficult\u00e9s \u00e0 domicile. De plus, la fusion des 3 aides gouvernementales pr\u00e9c\u00e9dentes (Habiter Facile de l\u2019ANAH, la CNAV et le cr\u00e9dit d\u2019imp\u00f4t) permet de faciliter et de simplifier la demande et la r\u00e9ception des aides financi\u00e8res. L\u2019aide MaPrimeAdapt&rsquo; est \u00e9galement cumulable avec d\u2019autres aides (d\u00e9partementales, locales ou encore des caisses de retraite compl\u00e9mentaires), ce qui permet de faire baisser le reste \u00e0 charge d\u2019autant plus.<\/span><\/p>\t\t\t\t\t\t<\/div>\n\t\t\t\t<\/div>\n\t\t\t\t<div class=\"elementor-element elementor-element-153beaa elementor-widget__width-initial elementor-widget elementor-widget-image\" data-id=\"153beaa\" data-element_type=\"widget\" data-widget_type=\"image.default\">\n\t\t\t\t<div class=\"elementor-widget-container\">\n\t\t\t\t\t\t\t\t\t\t\t\t\t\t\t<img decoding=\"async\" width=\"582\" height=\"498\" src=\"https:\/\/bel-avie.com\/blog\/wp-content\/uploads\/2024\/06\/Capture-decran-2024-06-19-a-14.00.27.png\" class=\"attachment-large size-large wp-image-3302\" alt=\"\" srcset=\"https:\/\/bel-avie.com\/blog\/wp-content\/uploads\/2024\/06\/Capture-decran-2024-06-19-a-14.00.27.png 582w, https:\/\/bel-avie.com\/blog\/wp-content\/uploads\/2024\/06\/Capture-decran-2024-06-19-a-14.00.27-300x257.png 300w\" sizes=\"(max-width: 582px) 100vw, 582px\" \/>\t\t\t\t\t\t\t\t\t\t\t\t\t\t\t<\/div>\n\t\t\t\t<\/div>\n\t\t\t\t\t<\/div>\n\t\t<\/div>\n\t\t\t\t\t\t\t<\/div>\n\t\t<\/section>\n\t\t\t\t<section class=\"elementor-section elementor-top-section elementor-element elementor-element-de1b81a elementor-section-boxed elementor-section-height-default elementor-section-height-default\" data-id=\"de1b81a\" data-element_type=\"section\">\n\t\t\t\t\t\t<div class=\"elementor-container elementor-column-gap-default\">\n\t\t\t\t\t<div class=\"elementor-column elementor-col-100 elementor-top-column elementor-element elementor-element-58ff579\" data-id=\"58ff579\" data-element_type=\"column\">\n\t\t\t<div class=\"elementor-widget-wrap elementor-element-populated\">\n\t\t\t\t\t\t\t\t<div class=\"elementor-element elementor-element-c7161a3 elementor-widget elementor-widget-text-editor\" data-id=\"c7161a3\" data-element_type=\"widget\" data-widget_type=\"text-editor.default\">\n\t\t\t\t<div class=\"elementor-widget-container\">\n\t\t\t\t\t\t\t<p style=\"text-align: justify;\">Depuis son d\u00e9ploiement le 1er janvier 2024, l\u2019aide\u00a0<span style=\"font-weight: 600; color: #212529;\">MaPrimeAdapt\u2019<\/span>\u00a0montre des r\u00e9sultats encourageants pour ce premier semestre de 2024 m\u00eame si un travail de structuration important de toute la fili\u00e8re reste \u00e0 accomplir ! Vous pouvez d\u00e9couvrir le bilan de MaPrimeAdapt\u2019, 5 mois apr\u00e8s le lancement du dispositif dans notre article.<\/p>\t\t\t\t\t\t<\/div>\n\t\t\t\t<\/div>\n\t\t\t\t\t<\/div>\n\t\t<\/div>\n\t\t\t\t\t\t\t<\/div>\n\t\t<\/section>\n\t\t\t\t\t\t\t<\/div>\n\t\t","protected":false},"excerpt":{"rendered":"<p>L\u2019ANAH a d\u00e9voil\u00e9 son rapport d\u2019activit\u00e9 l\u2019ann\u00e9e 2023. Ce rapport permet de dresser le bilan en chiffres de l\u2019ann\u00e9e 2023 pour l\u2019adaptation de logement \u00e0 la perte d\u2019autonomie. Le montant des aides vers\u00e9es est r\u00e9partis en 3 cat\u00e9gories : le maintien \u00e0 domicile, les situations de handicap et l\u2019accessibilit\u00e9 de l\u2019immeuble. D\u2019apr\u00e8s Louise Faure, responsable [&hellip;]<\/p>\n","protected":false},"author":3,"featured_media":3349,"comment_status":"closed","ping_status":"open","sticky":false,"template":"","format":"standard","meta":{"footnotes":""},"categories":[106],"tags":[],"class_list":["post-3289","post","type-post","status-publish","format-standard","has-post-thumbnail","hentry","category-actualites"],"_links":{"self":[{"href":"https:\/\/bel-avie.com\/blog\/wp-json\/wp\/v2\/posts\/3289","targetHints":{"allow":["GET"]}}],"collection":[{"href":"https:\/\/bel-avie.com\/blog\/wp-json\/wp\/v2\/posts"}],"about":[{"href":"https:\/\/bel-avie.com\/blog\/wp-json\/wp\/v2\/types\/post"}],"author":[{"embeddable":true,"href":"https:\/\/bel-avie.com\/blog\/wp-json\/wp\/v2\/users\/3"}],"replies":[{"embeddable":true,"href":"https:\/\/bel-avie.com\/blog\/wp-json\/wp\/v2\/comments?post=3289"}],"version-history":[{"count":29,"href":"https:\/\/bel-avie.com\/blog\/wp-json\/wp\/v2\/posts\/3289\/revisions"}],"predecessor-version":[{"id":3360,"href":"https:\/\/bel-avie.com\/blog\/wp-json\/wp\/v2\/posts\/3289\/revisions\/3360"}],"wp:featuredmedia":[{"embeddable":true,"href":"https:\/\/bel-avie.com\/blog\/wp-json\/wp\/v2\/media\/3349"}],"wp:attachment":[{"href":"https:\/\/bel-avie.com\/blog\/wp-json\/wp\/v2\/media?parent=3289"}],"wp:term":[{"taxonomy":"category","embeddable":true,"href":"https:\/\/bel-avie.com\/blog\/wp-json\/wp\/v2\/categories?post=3289"},{"taxonomy":"post_tag","embeddable":true,"href":"https:\/\/bel-avie.com\/blog\/wp-json\/wp\/v2\/tags?post=3289"}],"curies":[{"name":"wp","href":"https:\/\/api.w.org\/{rel}","templated":true}]}}