{"id":3615,"date":"2024-10-02T10:27:09","date_gmt":"2024-10-02T08:27:09","guid":{"rendered":"https:\/\/bel-avie.com\/blog\/?p=3615"},"modified":"2024-10-02T10:27:37","modified_gmt":"2024-10-02T08:27:37","slug":"quelle-difference-entre-la-plateforme-elevatrice-et-le-monte-escalier","status":"publish","type":"post","link":"https:\/\/bel-avie.com\/blog\/quelle-difference-entre-la-plateforme-elevatrice-et-le-monte-escalier\/","title":{"rendered":"Quelle diff\u00e9rence entre la plateforme \u00e9l\u00e9vatrice et le monte-escalier ?"},"content":{"rendered":"\t\t<div data-elementor-type=\"wp-post\" data-elementor-id=\"3615\" class=\"elementor elementor-3615\">\n\t\t\t\t\t\t\t\t\t<section class=\"elementor-section elementor-top-section elementor-element elementor-element-896431f elementor-section-boxed elementor-section-height-default elementor-section-height-default\" data-id=\"896431f\" data-element_type=\"section\">\n\t\t\t\t\t\t<div class=\"elementor-container elementor-column-gap-default\">\n\t\t\t\t\t<div class=\"elementor-column elementor-col-100 elementor-top-column elementor-element elementor-element-5b4783b\" data-id=\"5b4783b\" data-element_type=\"column\">\n\t\t\t<div class=\"elementor-widget-wrap elementor-element-populated\">\n\t\t\t\t\t\t\t\t<div class=\"elementor-element elementor-element-1e5086f elementor-widget elementor-widget-text-editor\" data-id=\"1e5086f\" data-element_type=\"widget\" data-widget_type=\"text-editor.default\">\n\t\t\t\t<div class=\"elementor-widget-container\">\n\t\t\t<style>\/*! elementor - v3.15.0 - 20-08-2023 *\/\n.elementor-widget-text-editor.elementor-drop-cap-view-stacked .elementor-drop-cap{background-color:#69727d;color:#fff}.elementor-widget-text-editor.elementor-drop-cap-view-framed .elementor-drop-cap{color:#69727d;border:3px solid;background-color:transparent}.elementor-widget-text-editor:not(.elementor-drop-cap-view-default) .elementor-drop-cap{margin-top:8px}.elementor-widget-text-editor:not(.elementor-drop-cap-view-default) .elementor-drop-cap-letter{width:1em;height:1em}.elementor-widget-text-editor .elementor-drop-cap{float:left;text-align:center;line-height:1;font-size:50px}.elementor-widget-text-editor .elementor-drop-cap-letter{display:inline-block}<\/style>\t\t\t\t<h4 style=\"text-align: justify;\"><strong>La perte d\u2019autonomie ou de mobilit\u00e9 peut entra\u00eener l\u2019\u00e9mergence de nouveaux obstacles au sein du logement des personnes concern\u00e9es. En effet, des am\u00e9nagements qui d\u2019habitude sont accessibles, deviennent des risques de blessures ou de chute. C\u2019est notamment le cas pour les escaliers, pr\u00e9sents au sein du logement, qui permettent de rattacher les \u00e9tages.<\/strong><\/h4><h4 style=\"text-align: justify;\"><strong>Cependant, plusieurs solutions sont disponibles afin de faciliter la mont\u00e9e et la descente des escaliers, telles que le monte-escalier et la plateforme \u00e9l\u00e9vatrice.<\/strong><\/h4><h5 style=\"text-align: justify;\"><strong>Aujourd\u2019hui, dans cet article, nous vous expliquons la diff\u00e9rence entre ces deux types de solutions d\u2019adaptation de logement.<\/strong><\/h5>\t\t\t\t\t\t<\/div>\n\t\t\t\t<\/div>\n\t\t\t\t\t<\/div>\n\t\t<\/div>\n\t\t\t\t\t\t\t<\/div>\n\t\t<\/section>\n\t\t\t\t<section class=\"elementor-section elementor-top-section elementor-element elementor-element-a8024a8 elementor-section-boxed elementor-section-height-default elementor-section-height-default\" data-id=\"a8024a8\" data-element_type=\"section\">\n\t\t\t\t\t\t<div class=\"elementor-container elementor-column-gap-default\">\n\t\t\t\t\t<div class=\"elementor-column elementor-col-100 elementor-top-column elementor-element elementor-element-60e45fb\" data-id=\"60e45fb\" data-element_type=\"column\">\n\t\t\t<div class=\"elementor-widget-wrap elementor-element-populated\">\n\t\t\t\t\t\t\t\t<div class=\"elementor-element elementor-element-1e7b4b7 elementor-widget elementor-widget-heading\" data-id=\"1e7b4b7\" data-element_type=\"widget\" data-widget_type=\"heading.default\">\n\t\t\t\t<div class=\"elementor-widget-container\">\n\t\t\t<style>\/*! elementor - v3.15.0 - 20-08-2023 *\/\n.elementor-heading-title{padding:0;margin:0;line-height:1}.elementor-widget-heading .elementor-heading-title[class*=elementor-size-]>a{color:inherit;font-size:inherit;line-height:inherit}.elementor-widget-heading .elementor-heading-title.elementor-size-small{font-size:15px}.elementor-widget-heading .elementor-heading-title.elementor-size-medium{font-size:19px}.elementor-widget-heading .elementor-heading-title.elementor-size-large{font-size:29px}.elementor-widget-heading .elementor-heading-title.elementor-size-xl{font-size:39px}.elementor-widget-heading .elementor-heading-title.elementor-size-xxl{font-size:59px}<\/style><h2 class=\"elementor-heading-title elementor-size-default\">Le monte-escalier<\/h2>\t\t<\/div>\n\t\t\t\t<\/div>\n\t\t\t\t<div class=\"elementor-element elementor-element-f0a0b88 elementor-widget elementor-widget-text-editor\" data-id=\"f0a0b88\" data-element_type=\"widget\" data-widget_type=\"text-editor.default\">\n\t\t\t\t<div class=\"elementor-widget-container\">\n\t\t\t\t\t\t\t<p style=\"text-align: justify;\">Le monte-escalier est une solution d\u2019am\u00e9nagement \u00e0 domicile qui permet aux personnes en situation de perte d\u2019autonomie ou de mobilit\u00e9 de pouvoir monter et descendre les escaliers du logement sans risques de chutes ou de blessures.<\/p><p style=\"text-align: justify;\">Cette solution permet d\u2019\u00e9viter aux personnes r\u00e9sidentes dans des logements non adapt\u00e9s de d\u00e9m\u00e9nager et de pouvoir demeurer chez elles en toute s\u00e9curit\u00e9 et s\u00e9r\u00e9nit\u00e9. <br \/>Le monte-escalier peut \u00eatre install\u00e9 en int\u00e9rieur ou en ext\u00e9rieur du logement. <\/p>\t\t\t\t\t\t<\/div>\n\t\t\t\t<\/div>\n\t\t\t\t<div class=\"elementor-element elementor-element-a34d734 elementor-widget elementor-widget-text-editor\" data-id=\"a34d734\" data-element_type=\"widget\" data-widget_type=\"text-editor.default\">\n\t\t\t\t<div class=\"elementor-widget-container\">\n\t\t\t\t\t\t\t<p style=\"text-align: justify;\">Depuis janvier 2024, le gouvernement a mis en place l\u2019aide MaPrimeAdapt\u2019, qui permet de financer une partie des travaux d\u2019am\u00e9nagement du logement, tel que l\u2019installation d\u2019un monte-escalier \u00e0 domicile. Vous pouvez en savoir plus sur cette aide ainsi que les conditions d\u2019\u00e9ligibilit\u00e9 sur notre article <a href=\"https:\/\/bel-avie.com\/blog\/maprimeadapt-ce-quil-faut-savoir-depuis-le-lancement-du-dispositif\/\">\u00ab\u00a0MaPrimeAdapt&rsquo;: ce qu&rsquo;il faut savoir depuis le lancement du dispositif\u00a0\u00bb\u00a0<\/a><\/p>\t\t\t\t\t\t<\/div>\n\t\t\t\t<\/div>\n\t\t\t\t\t<\/div>\n\t\t<\/div>\n\t\t\t\t\t\t\t<\/div>\n\t\t<\/section>\n\t\t\t\t<section class=\"elementor-section elementor-top-section elementor-element elementor-element-df22a0d elementor-section-boxed elementor-section-height-default elementor-section-height-default\" data-id=\"df22a0d\" data-element_type=\"section\">\n\t\t\t\t\t\t<div class=\"elementor-container elementor-column-gap-default\">\n\t\t\t\t\t<div class=\"elementor-column elementor-col-100 elementor-top-column elementor-element elementor-element-a21341a\" data-id=\"a21341a\" data-element_type=\"column\">\n\t\t\t<div class=\"elementor-widget-wrap elementor-element-populated\">\n\t\t\t\t\t\t\t\t<div class=\"elementor-element elementor-element-0661b28 elementor-widget elementor-widget-heading\" data-id=\"0661b28\" data-element_type=\"widget\" data-widget_type=\"heading.default\">\n\t\t\t\t<div class=\"elementor-widget-container\">\n\t\t\t<h2 class=\"elementor-heading-title elementor-size-default\">La plateforme \u00e9l\u00e9vatrice<\/h2>\t\t<\/div>\n\t\t\t\t<\/div>\n\t\t\t\t<div class=\"elementor-element elementor-element-17c2ef2 elementor-widget elementor-widget-text-editor\" data-id=\"17c2ef2\" data-element_type=\"widget\" data-widget_type=\"text-editor.default\">\n\t\t\t\t<div class=\"elementor-widget-container\">\n\t\t\t\t\t\t\t<p style=\"text-align: justify;\">La plateforme \u00e9l\u00e9vatrice est une solution qui vous permet de monter et de descendre les escaliers sans fournir d\u2019effort cons\u00e9quent, et ce, tout en restant debout. La diff\u00e9rence entre les 2 solutions r\u00e9side dans la position de la personne se d\u00e9pla\u00e7ant. La plateforme \u00e9l\u00e9vatrice convient ainsi aux personnes d\u00e9tenant une canne ou un d\u00e9ambulateur ou encore, permet de pouvoir d\u00e9placer des charges lourdes.<\/p><p style=\"text-align: justify;\">La plateforme \u00e9l\u00e9vatrice peut \u00eatre install\u00e9e sur tout type d\u2019escalier, en int\u00e9rieur ou en ext\u00e9rieur du logement.<\/p>\t\t\t\t\t\t<\/div>\n\t\t\t\t<\/div>\n\t\t\t\t\t<\/div>\n\t\t<\/div>\n\t\t\t\t\t\t\t<\/div>\n\t\t<\/section>\n\t\t\t\t<section class=\"elementor-section elementor-top-section elementor-element elementor-element-dfd1b06 elementor-section-boxed elementor-section-height-default elementor-section-height-default\" data-id=\"dfd1b06\" data-element_type=\"section\">\n\t\t\t\t\t\t<div class=\"elementor-container elementor-column-gap-default\">\n\t\t\t\t\t<div class=\"elementor-column elementor-col-100 elementor-top-column elementor-element elementor-element-6d2a745\" data-id=\"6d2a745\" data-element_type=\"column\">\n\t\t\t<div class=\"elementor-widget-wrap elementor-element-populated\">\n\t\t\t\t\t\t\t\t<div class=\"elementor-element elementor-element-fcce891 elementor-widget elementor-widget-heading\" data-id=\"fcce891\" data-element_type=\"widget\" data-widget_type=\"heading.default\">\n\t\t\t\t<div class=\"elementor-widget-container\">\n\t\t\t<h2 class=\"elementor-heading-title elementor-size-default\">Comment conna\u00eetre la solution qui r\u00e9pond \u00e0 vos besoins<\/h2>\t\t<\/div>\n\t\t\t\t<\/div>\n\t\t\t\t<div class=\"elementor-element elementor-element-179a4f1 elementor-widget elementor-widget-text-editor\" data-id=\"179a4f1\" data-element_type=\"widget\" data-widget_type=\"text-editor.default\">\n\t\t\t\t<div class=\"elementor-widget-container\">\n\t\t\t\t\t\t\t<p style=\"text-align: justify;\">Les deux solutions, malgr\u00e9 leurs similitudes, se distinguent par quelques caract\u00e9ristiques.<\/p><ul><li style=\"text-align: justify;\">La plateforme \u00e9l\u00e9vatrice met en avant plus de flexibilit\u00e9 en termes de poids support\u00e9. En effet, gr\u00e2ce \u00e0 la plateforme \u00e9l\u00e9vatrice, vous pourrez faire monter ou descendre des objets de poids plus important.<\/li><li style=\"text-align: justify;\">Le monte-escalier permet aux personnes de pouvoir s\u2019asseoir lors de la mont\u00e9e ou de la descente, ce qui est indispensable pour les personnes \u00e0 mobilit\u00e9 r\u00e9duite afin qu\u2019elle puisse acc\u00e9der aux \u00e9tages en toute s\u00e9curit\u00e9.<\/li><\/ul>\t\t\t\t\t\t<\/div>\n\t\t\t\t<\/div>\n\t\t\t\t\t<\/div>\n\t\t<\/div>\n\t\t\t\t\t\t\t<\/div>\n\t\t<\/section>\n\t\t\t\t<section class=\"elementor-section elementor-top-section elementor-element elementor-element-23c3fd9 elementor-section-boxed elementor-section-height-default elementor-section-height-default\" data-id=\"23c3fd9\" data-element_type=\"section\">\n\t\t\t\t\t\t<div class=\"elementor-container elementor-column-gap-default\">\n\t\t\t\t\t<div class=\"elementor-column elementor-col-100 elementor-top-column elementor-element elementor-element-b8e4ef1\" data-id=\"b8e4ef1\" data-element_type=\"column\">\n\t\t\t<div class=\"elementor-widget-wrap elementor-element-populated\">\n\t\t\t\t\t\t\t\t<div class=\"elementor-element elementor-element-2b97f43 elementor-widget elementor-widget-text-editor\" data-id=\"2b97f43\" data-element_type=\"widget\" data-widget_type=\"text-editor.default\">\n\t\t\t\t<div class=\"elementor-widget-container\">\n\t\t\t\t\t\t\t<p style=\"text-align: justify;\">Il est donc important de comprendre vos besoins en fonction de votre niveau de mobilit\u00e9 et d\u2019autonomie afin de pouvoir faire un choix entre ces deux installations. <\/p><ul><li style=\"text-align: justify;\">Tout d\u2019abord, \u00e9valuez votre niveau de mobilit\u00e9, est-ce que vous pouvez vous tenir debout, ou pr\u00e9f\u00e9rez-vous rester ici ?<\/li><li style=\"text-align: justify;\">La configuration du logement peut \u00e9galement \u00eatre un facteur influen\u00e7ant le choix entre les deux installations. Ainsi, les ergoth\u00e9rapeutes, professionnels du param\u00e9dical peuvent pr\u00e9coniser une installation ou l\u2019autre en fonction des besoins de votre logement, de l\u2019agencement des escaliers ainsi qu\u2019\u00e0 vos besoins. <\/li><\/ul>\t\t\t\t\t\t<\/div>\n\t\t\t\t<\/div>\n\t\t\t\t\t<\/div>\n\t\t<\/div>\n\t\t\t\t\t\t\t<\/div>\n\t\t<\/section>\n\t\t\t\t<section class=\"elementor-section elementor-top-section elementor-element elementor-element-a333a6d elementor-section-boxed elementor-section-height-default elementor-section-height-default\" data-id=\"a333a6d\" data-element_type=\"section\">\n\t\t\t\t\t\t<div class=\"elementor-container elementor-column-gap-default\">\n\t\t\t\t\t<div class=\"elementor-column elementor-col-100 elementor-top-column elementor-element elementor-element-f46826d\" data-id=\"f46826d\" data-element_type=\"column\">\n\t\t\t<div class=\"elementor-widget-wrap elementor-element-populated\">\n\t\t\t\t\t\t\t\t<div class=\"elementor-element elementor-element-e3b4860 elementor-widget elementor-widget-text-editor\" data-id=\"e3b4860\" data-element_type=\"widget\" data-widget_type=\"text-editor.default\">\n\t\t\t\t<div class=\"elementor-widget-container\">\n\t\t\t\t\t\t\t<p style=\"text-align: justify;\">En r\u00e9sum\u00e9, les monte-escaliers sont g\u00e9n\u00e9ralement recommand\u00e9s aux personnes pouvant marcher ou se d\u00e9placer avec assistance et qui ont besoin d\u2019une solution simple pour naviguer dans les escaliers. Les plates-formes \u00e9l\u00e9vatrices, en revanche, conviennent mieux aux personnes \u00e0 mobilit\u00e9 tr\u00e8s r\u00e9duite, qui utilisent un fauteuil roulant ou qui ont besoin d&rsquo;une solution plus stable et plus s\u00fbre pour monter et descendre entre les \u00e9tages.<\/p>\t\t\t\t\t\t<\/div>\n\t\t\t\t<\/div>\n\t\t\t\t\t<\/div>\n\t\t<\/div>\n\t\t\t\t\t\t\t<\/div>\n\t\t<\/section>\n\t\t\t\t\t\t\t<\/div>\n\t\t","protected":false},"excerpt":{"rendered":"<p>La perte d\u2019autonomie ou de mobilit\u00e9 peut entra\u00eener l\u2019\u00e9mergence de nouveaux obstacles au sein du logement des personnes concern\u00e9es. En effet, des am\u00e9nagements qui d\u2019habitude sont accessibles, deviennent des risques de blessures ou de chute. C\u2019est notamment le cas pour les escaliers, pr\u00e9sents au sein du logement, qui permettent de rattacher les \u00e9tages. Cependant, plusieurs [&hellip;]<\/p>\n","protected":false},"author":3,"featured_media":3773,"comment_status":"closed","ping_status":"open","sticky":false,"template":"","format":"standard","meta":{"footnotes":""},"categories":[29],"tags":[26,30,99,80,122],"class_list":["post-3615","post","type-post","status-publish","format-standard","has-post-thumbnail","hentry","category-solutions","tag-adaptation-de-logement","tag-monte-escalier","tag-personnes-a-mobilite-reduite","tag-personnes-agees","tag-plateforme-elevatrice"],"_links":{"self":[{"href":"https:\/\/bel-avie.com\/blog\/wp-json\/wp\/v2\/posts\/3615","targetHints":{"allow":["GET"]}}],"collection":[{"href":"https:\/\/bel-avie.com\/blog\/wp-json\/wp\/v2\/posts"}],"about":[{"href":"https:\/\/bel-avie.com\/blog\/wp-json\/wp\/v2\/types\/post"}],"author":[{"embeddable":true,"href":"https:\/\/bel-avie.com\/blog\/wp-json\/wp\/v2\/users\/3"}],"replies":[{"embeddable":true,"href":"https:\/\/bel-avie.com\/blog\/wp-json\/wp\/v2\/comments?post=3615"}],"version-history":[{"count":13,"href":"https:\/\/bel-avie.com\/blog\/wp-json\/wp\/v2\/posts\/3615\/revisions"}],"predecessor-version":[{"id":4058,"href":"https:\/\/bel-avie.com\/blog\/wp-json\/wp\/v2\/posts\/3615\/revisions\/4058"}],"wp:featuredmedia":[{"embeddable":true,"href":"https:\/\/bel-avie.com\/blog\/wp-json\/wp\/v2\/media\/3773"}],"wp:attachment":[{"href":"https:\/\/bel-avie.com\/blog\/wp-json\/wp\/v2\/media?parent=3615"}],"wp:term":[{"taxonomy":"category","embeddable":true,"href":"https:\/\/bel-avie.com\/blog\/wp-json\/wp\/v2\/categories?post=3615"},{"taxonomy":"post_tag","embeddable":true,"href":"https:\/\/bel-avie.com\/blog\/wp-json\/wp\/v2\/tags?post=3615"}],"curies":[{"name":"wp","href":"https:\/\/api.w.org\/{rel}","templated":true}]}}