{"id":3827,"date":"2024-11-27T14:30:00","date_gmt":"2024-11-27T13:30:00","guid":{"rendered":"https:\/\/bel-avie.com\/blog\/?p=3827"},"modified":"2024-11-26T16:16:09","modified_gmt":"2024-11-26T15:16:09","slug":"les-avancees-technologiques-au-service-de-ladaptation-du-logement","status":"publish","type":"post","link":"https:\/\/bel-avie.com\/blog\/les-avancees-technologiques-au-service-de-ladaptation-du-logement\/","title":{"rendered":"Les avanc\u00e9es technologiques au service de l&rsquo;adaptation du logement"},"content":{"rendered":"\t\t<div data-elementor-type=\"wp-post\" data-elementor-id=\"3827\" class=\"elementor elementor-3827\">\n\t\t\t\t\t\t\t\t\t<section class=\"elementor-section elementor-top-section elementor-element elementor-element-e617f9a elementor-section-boxed elementor-section-height-default elementor-section-height-default\" data-id=\"e617f9a\" data-element_type=\"section\">\n\t\t\t\t\t\t<div class=\"elementor-container elementor-column-gap-default\">\n\t\t\t\t\t<div class=\"elementor-column elementor-col-100 elementor-top-column elementor-element elementor-element-a0fba71\" data-id=\"a0fba71\" data-element_type=\"column\">\n\t\t\t<div class=\"elementor-widget-wrap elementor-element-populated\">\n\t\t\t\t\t\t\t\t<div class=\"elementor-element elementor-element-b673c1b elementor-widget elementor-widget-text-editor\" data-id=\"b673c1b\" data-element_type=\"widget\" data-widget_type=\"text-editor.default\">\n\t\t\t\t<div class=\"elementor-widget-container\">\n\t\t\t<style>\/*! elementor - v3.15.0 - 20-08-2023 *\/\n.elementor-widget-text-editor.elementor-drop-cap-view-stacked .elementor-drop-cap{background-color:#69727d;color:#fff}.elementor-widget-text-editor.elementor-drop-cap-view-framed .elementor-drop-cap{color:#69727d;border:3px solid;background-color:transparent}.elementor-widget-text-editor:not(.elementor-drop-cap-view-default) .elementor-drop-cap{margin-top:8px}.elementor-widget-text-editor:not(.elementor-drop-cap-view-default) .elementor-drop-cap-letter{width:1em;height:1em}.elementor-widget-text-editor .elementor-drop-cap{float:left;text-align:center;line-height:1;font-size:50px}.elementor-widget-text-editor .elementor-drop-cap-letter{display:inline-block}<\/style>\t\t\t\t<h4 style=\"text-align: justify;\"><strong>L\u2019adaptation du logement \u00e0 la perte d\u2019autonomie est aujourd\u2019hui devenue un objectif important pour permettre aux personnes atteintes de perte d\u2019autonomie au quotidien de pouvoir demeurer chez elle en toute s\u00e9curit\u00e9. Avec les avanc\u00e9es technologiques, l\u2019adaptation du logement pour la perte d\u2019autonomie a \u00e9t\u00e9 r\u00e9volutionn\u00e9e gr\u00e2ce \u00e0 des outils et am\u00e9nagements innovants. Nous pouvons citer les \u00e9quipements de domotiques, les portes et volets automatis\u00e9s.<\/strong><\/h4><h5 style=\"text-align: justify;\"><strong>Dans cet article, nous mettons en avant certaines avanc\u00e9es technologiques mobilisables pour l&rsquo;adaptation du logement \u00e0 la perte d&rsquo;autonomie.<\/strong><\/h5>\t\t\t\t\t\t<\/div>\n\t\t\t\t<\/div>\n\t\t\t\t\t<\/div>\n\t\t<\/div>\n\t\t\t\t\t\t\t<\/div>\n\t\t<\/section>\n\t\t\t\t<section class=\"elementor-section elementor-top-section elementor-element elementor-element-4211c07 elementor-section-boxed elementor-section-height-default elementor-section-height-default\" data-id=\"4211c07\" data-element_type=\"section\">\n\t\t\t\t\t\t<div class=\"elementor-container elementor-column-gap-default\">\n\t\t\t\t\t<div class=\"elementor-column elementor-col-100 elementor-top-column elementor-element elementor-element-62f05e9\" data-id=\"62f05e9\" data-element_type=\"column\">\n\t\t\t<div class=\"elementor-widget-wrap elementor-element-populated\">\n\t\t\t\t\t\t\t\t<div class=\"elementor-element elementor-element-784075a elementor-widget elementor-widget-heading\" data-id=\"784075a\" data-element_type=\"widget\" data-widget_type=\"heading.default\">\n\t\t\t\t<div class=\"elementor-widget-container\">\n\t\t\t<style>\/*! elementor - v3.15.0 - 20-08-2023 *\/\n.elementor-heading-title{padding:0;margin:0;line-height:1}.elementor-widget-heading .elementor-heading-title[class*=elementor-size-]>a{color:inherit;font-size:inherit;line-height:inherit}.elementor-widget-heading .elementor-heading-title.elementor-size-small{font-size:15px}.elementor-widget-heading .elementor-heading-title.elementor-size-medium{font-size:19px}.elementor-widget-heading .elementor-heading-title.elementor-size-large{font-size:29px}.elementor-widget-heading .elementor-heading-title.elementor-size-xl{font-size:39px}.elementor-widget-heading .elementor-heading-title.elementor-size-xxl{font-size:59px}<\/style><h2 class=\"elementor-heading-title elementor-size-default\">La domotique<\/h2>\t\t<\/div>\n\t\t\t\t<\/div>\n\t\t\t\t<div class=\"elementor-element elementor-element-635d94d elementor-widget elementor-widget-text-editor\" data-id=\"635d94d\" data-element_type=\"widget\" data-widget_type=\"text-editor.default\">\n\t\t\t\t<div class=\"elementor-widget-container\">\n\t\t\t\t\t\t\t<p style=\"text-align: justify;\">La domotique correspond \u00e0 l\u2019ensemble des techniques de gestion automatis\u00e9e dans un logement. Ce syst\u00e8me permet de pouvoir contr\u00f4ler les \u00e9quipements pr\u00e9sents au sein du logement gr\u00e2ce \u00e0 un simple appareil connect\u00e9 tel qu\u2019une t\u00e9l\u00e9commande, une tablette ou encore votre smartphone. La domotique est devenue aujourd\u2019hui un am\u00e9nagement tr\u00e8s convoit\u00e9 par les personnes en situation de perte d\u2019autonomie, car elle permet de pr\u00e9venir les chutes ou blessures en limitant les d\u00e9placements et les efforts au sein du logement.<\/p><p style=\"text-align: justify;\">Pour en savoir en plus sur ce type d\u2019am\u00e9nagement, vous pouvez consulter notre article sur le sujet \u27a1\ufe0f <a href=\"https:\/\/bel-avie.com\/blog\/la-domotique-au-service-de-lhabitat-pour-les-seniors\/\">\u00ab\u00a0La domotique au service de l&rsquo;habitat pour les s\u00e9niors\u00a0\u00bb<\/a><\/p>\t\t\t\t\t\t<\/div>\n\t\t\t\t<\/div>\n\t\t\t\t\t<\/div>\n\t\t<\/div>\n\t\t\t\t\t\t\t<\/div>\n\t\t<\/section>\n\t\t\t\t<section class=\"elementor-section elementor-top-section elementor-element elementor-element-e147bce elementor-section-boxed elementor-section-height-default elementor-section-height-default\" data-id=\"e147bce\" data-element_type=\"section\">\n\t\t\t\t\t\t<div class=\"elementor-container elementor-column-gap-default\">\n\t\t\t\t\t<div class=\"elementor-column elementor-col-100 elementor-top-column elementor-element elementor-element-9b1cfd1\" data-id=\"9b1cfd1\" data-element_type=\"column\">\n\t\t\t<div class=\"elementor-widget-wrap elementor-element-populated\">\n\t\t\t\t\t\t\t\t<div class=\"elementor-element elementor-element-9d56a90 elementor-widget elementor-widget-heading\" data-id=\"9d56a90\" data-element_type=\"widget\" data-widget_type=\"heading.default\">\n\t\t\t\t<div class=\"elementor-widget-container\">\n\t\t\t<h2 class=\"elementor-heading-title elementor-size-default\">La t\u00e9l\u00e9assistance<\/h2>\t\t<\/div>\n\t\t\t\t<\/div>\n\t\t\t\t<div class=\"elementor-element elementor-element-dc48451 elementor-widget elementor-widget-text-editor\" data-id=\"dc48451\" data-element_type=\"widget\" data-widget_type=\"text-editor.default\">\n\t\t\t\t<div class=\"elementor-widget-container\">\n\t\t\t\t\t\t\t<p style=\"text-align: justify;\">La t\u00e9l\u00e9assistance est un dispositif connect\u00e9 permettant \u00e0 une personne en situation de perte d\u2019autonomie, d\u2019obtenir de l\u2019assistance ou de l\u2019aide \u00e0 distance gr\u00e2ce \u00e0 des appareils connect\u00e9s tels que des montres, bracelets ou encore colliers munis d\u2019un bouton d\u2019urgence permettant de contacter un t\u00e9l\u00e9op\u00e9rateur en cas de chute ou de blessure \u00e0 domicile.<\/p><p style=\"text-align: justify;\">Pour en savoir en plus sur ce type d\u2019outils connect\u00e9s, vous pouvez consulter notre article sur le sujet \u27a1\ufe0f <a href=\"https:\/\/bel-avie.com\/blog\/la-teleassistance-tout-savoir\/\">\u00ab\u00a0La t\u00e9l\u00e9assistance: tout savoir !\u00a0\u00bb<\/a><\/p>\t\t\t\t\t\t<\/div>\n\t\t\t\t<\/div>\n\t\t\t\t\t<\/div>\n\t\t<\/div>\n\t\t\t\t\t\t\t<\/div>\n\t\t<\/section>\n\t\t\t\t<section class=\"elementor-section elementor-top-section elementor-element elementor-element-cc3cefb elementor-section-boxed elementor-section-height-default elementor-section-height-default\" data-id=\"cc3cefb\" data-element_type=\"section\">\n\t\t\t\t\t\t<div class=\"elementor-container elementor-column-gap-default\">\n\t\t\t\t\t<div class=\"elementor-column elementor-col-100 elementor-top-column elementor-element elementor-element-f3c533e\" data-id=\"f3c533e\" data-element_type=\"column\">\n\t\t\t<div class=\"elementor-widget-wrap elementor-element-populated\">\n\t\t\t\t\t\t\t\t<div class=\"elementor-element elementor-element-97d7b3b elementor-widget elementor-widget-heading\" data-id=\"97d7b3b\" data-element_type=\"widget\" data-widget_type=\"heading.default\">\n\t\t\t\t<div class=\"elementor-widget-container\">\n\t\t\t<h2 class=\"elementor-heading-title elementor-size-default\"><span style=\"color: var( --e-global-color-primary );\">Les syst\u00e8mes de surveillance \u00e0 distance<\/span><\/h2>\t\t<\/div>\n\t\t\t\t<\/div>\n\t\t\t\t<div class=\"elementor-element elementor-element-7949fb8 elementor-widget elementor-widget-text-editor\" data-id=\"7949fb8\" data-element_type=\"widget\" data-widget_type=\"text-editor.default\">\n\t\t\t\t<div class=\"elementor-widget-container\">\n\t\t\t\t\t\t\t<p style=\"text-align: justify;\">Les syst\u00e8mes de cam\u00e9ra de surveillance \u00e0 distance peuvent \u00e9galement \u00eatre utiles, notamment pour les proches aidants, afin de s\u2019assurer de la bonne sant\u00e9 de la personne aid\u00e9e, mais \u00e9galement pour \u00eatre alert\u00e9 en cas de chute ou de blessure \u00e0 domicile.<\/p>\t\t\t\t\t\t<\/div>\n\t\t\t\t<\/div>\n\t\t\t\t\t<\/div>\n\t\t<\/div>\n\t\t\t\t\t\t\t<\/div>\n\t\t<\/section>\n\t\t\t\t<section class=\"elementor-section elementor-top-section elementor-element elementor-element-eaf23a8 elementor-section-boxed elementor-section-height-default elementor-section-height-default\" data-id=\"eaf23a8\" data-element_type=\"section\">\n\t\t\t\t\t\t<div class=\"elementor-container elementor-column-gap-default\">\n\t\t\t\t\t<div class=\"elementor-column elementor-col-100 elementor-top-column elementor-element elementor-element-0b1a59b\" data-id=\"0b1a59b\" data-element_type=\"column\">\n\t\t\t<div class=\"elementor-widget-wrap elementor-element-populated\">\n\t\t\t\t\t\t\t\t<div class=\"elementor-element elementor-element-2ee38b5 elementor-widget elementor-widget-heading\" data-id=\"2ee38b5\" data-element_type=\"widget\" data-widget_type=\"heading.default\">\n\t\t\t\t<div class=\"elementor-widget-container\">\n\t\t\t<h2 class=\"elementor-heading-title elementor-size-default\"><span style=\"color: var( --e-global-color-primary );\">Les aides \u00e0 la mobilit\u00e9 connect\u00e9es<\/span><\/h2>\t\t<\/div>\n\t\t\t\t<\/div>\n\t\t\t\t<div class=\"elementor-element elementor-element-5be8e4e elementor-widget elementor-widget-text-editor\" data-id=\"5be8e4e\" data-element_type=\"widget\" data-widget_type=\"text-editor.default\">\n\t\t\t\t<div class=\"elementor-widget-container\">\n\t\t\t\t\t\t\t<p style=\"text-align: justify;\">Les avanc\u00e9es technologiques touchent \u00e9galement les \u00e9quipements permettant d\u2019am\u00e9liorer la mobilit\u00e9. En effet, nous pouvons citer par exemple les fauteuils roulants connect\u00e9s, \u00e9quip\u00e9s de capteurs ou d\u2019assistance vocale pour faciliter les d\u00e9placements pour les personnes \u00e0 mobilit\u00e9 r\u00e9duite. <br \/>Il est \u00e9galement possible d\u2019installer des rubans lumineux ou des d\u00e9tecteurs de mouvements, pouvant \u00e9clairer les espaces de d\u00e9placements automatiquement.<\/p>\t\t\t\t\t\t<\/div>\n\t\t\t\t<\/div>\n\t\t\t\t\t<\/div>\n\t\t<\/div>\n\t\t\t\t\t\t\t<\/div>\n\t\t<\/section>\n\t\t\t\t<section class=\"elementor-section elementor-top-section elementor-element elementor-element-7684d49 elementor-section-boxed elementor-section-height-default elementor-section-height-default\" data-id=\"7684d49\" data-element_type=\"section\">\n\t\t\t\t\t\t<div class=\"elementor-container elementor-column-gap-default\">\n\t\t\t\t\t<div class=\"elementor-column elementor-col-100 elementor-top-column elementor-element elementor-element-173e2c8\" data-id=\"173e2c8\" data-element_type=\"column\">\n\t\t\t<div class=\"elementor-widget-wrap elementor-element-populated\">\n\t\t\t\t\t\t\t\t<div class=\"elementor-element elementor-element-f485898 elementor-widget elementor-widget-heading\" data-id=\"f485898\" data-element_type=\"widget\" data-widget_type=\"heading.default\">\n\t\t\t\t<div class=\"elementor-widget-container\">\n\t\t\t<h2 class=\"elementor-heading-title elementor-size-default\">Les am\u00e9nagements d\u2019accessibilit\u00e9<\/h2>\t\t<\/div>\n\t\t\t\t<\/div>\n\t\t\t\t<div class=\"elementor-element elementor-element-a185299 elementor-widget elementor-widget-text-editor\" data-id=\"a185299\" data-element_type=\"widget\" data-widget_type=\"text-editor.default\">\n\t\t\t\t<div class=\"elementor-widget-container\">\n\t\t\t\t\t\t\t<p style=\"text-align: justify;\">Il existe \u00e9galement des \u00e9quipements mis en place pour adapter l\u2019accessibilit\u00e9 \u00e0 certains espaces au sein du logement. En effet, les portes peuvent \u00eatre automatis\u00e9es pour permettre leur ouverture ou la fermeture gr\u00e2ce \u00e0 des capteurs de mouvements, permettant ainsi de limiter les risques de blessures ou de chutes. <br \/>De plus, au sein de la cuisine ou de l\u2019espace de vie, il est \u00e9galement possible de mettre en place des plans de travail, tables ou placards r\u00e9glables \u00e0 la hauteur afin de pouvoir \u00eatre accessible pour les personnes en fauteuil roulant.<\/p>\t\t\t\t\t\t<\/div>\n\t\t\t\t<\/div>\n\t\t\t\t\t<\/div>\n\t\t<\/div>\n\t\t\t\t\t\t\t<\/div>\n\t\t<\/section>\n\t\t\t\t<section class=\"elementor-section elementor-top-section elementor-element elementor-element-9281192 elementor-section-boxed elementor-section-height-default elementor-section-height-default\" data-id=\"9281192\" data-element_type=\"section\">\n\t\t\t\t\t\t<div class=\"elementor-container elementor-column-gap-default\">\n\t\t\t\t\t<div class=\"elementor-column elementor-col-100 elementor-top-column elementor-element elementor-element-ef17b38\" data-id=\"ef17b38\" data-element_type=\"column\">\n\t\t\t<div class=\"elementor-widget-wrap elementor-element-populated\">\n\t\t\t\t\t\t\t\t<div class=\"elementor-element elementor-element-a9c3675 elementor-widget elementor-widget-heading\" data-id=\"a9c3675\" data-element_type=\"widget\" data-widget_type=\"heading.default\">\n\t\t\t\t<div class=\"elementor-widget-container\">\n\t\t\t<h2 class=\"elementor-heading-title elementor-size-default\">Les limites des am\u00e9nagements technologiques<\/h2>\t\t<\/div>\n\t\t\t\t<\/div>\n\t\t\t\t<div class=\"elementor-element elementor-element-43b64e8 elementor-widget elementor-widget-text-editor\" data-id=\"43b64e8\" data-element_type=\"widget\" data-widget_type=\"text-editor.default\">\n\t\t\t\t<div class=\"elementor-widget-container\">\n\t\t\t\t\t\t\t<ul><li>Les outils connect\u00e9s restent n\u00e9anmoins plus on\u00e9reux que les \u00e9quipements classiques ce qui peut repr\u00e9senter un frein pour les personnes disposant de revenus modestes.<ul><li>Cependant, des aides financi\u00e8res telles que MaPrimeAdapt\u2019 peuvent financer une partie de vos travaux d\u2019am\u00e9nagement de logement, notamment les travaux tels que la domotique. Vous pouvez en savoir plus sur notre article \u27a1\ufe0f <a href=\"https:\/\/bel-avie.com\/blog\/quelles-aides-financieres-pour-les-equipements-de-domotique\/\">\u00ab\u00a0Quelles aides financi\u00e8res pour les \u00e9quipements de domotique ?\u00a0\u00bb<\/a><\/li><\/ul><\/li><\/ul>\t\t\t\t\t\t<\/div>\n\t\t\t\t<\/div>\n\t\t\t\t\t<\/div>\n\t\t<\/div>\n\t\t\t\t\t\t\t<\/div>\n\t\t<\/section>\n\t\t\t\t<section class=\"elementor-section elementor-top-section elementor-element elementor-element-ce7914e elementor-section-boxed elementor-section-height-default elementor-section-height-default\" data-id=\"ce7914e\" data-element_type=\"section\">\n\t\t\t\t\t\t<div class=\"elementor-container elementor-column-gap-default\">\n\t\t\t\t\t<div class=\"elementor-column elementor-col-100 elementor-top-column elementor-element elementor-element-1574944\" data-id=\"1574944\" data-element_type=\"column\">\n\t\t\t<div class=\"elementor-widget-wrap elementor-element-populated\">\n\t\t\t\t\t\t\t\t<div class=\"elementor-element elementor-element-f40afc7 elementor-widget elementor-widget-text-editor\" data-id=\"f40afc7\" data-element_type=\"widget\" data-widget_type=\"text-editor.default\">\n\t\t\t\t<div class=\"elementor-widget-container\">\n\t\t\t\t\t\t\t<ul><li style=\"text-align: justify;\">Parfois, l\u2019utilisation d\u2019outils technologiques connect\u00e9s peut s\u2019av\u00e9rer difficile pour les personnes \u00e2g\u00e9es ou les personnes disposants de troubles cognitifs. Ainsi, la prise en main de ces outils peut repr\u00e9senter un frein.<ul><li style=\"text-align: justify;\">Cependant, les \u00e9quipements connect\u00e9s tel que la t\u00e9l\u00e9assistance sont souvent simplifi\u00e9s pour permettre \u00e0 tout le monde la possibilit\u00e9 de les prendre en main. Il existe \u00e9galement des formations et ateliers permettant aux personnes \u00e2g\u00e9es ou disposant de troubles cognitifs de pouvoir se former \u00e0 l\u2019utilisation de ces outils.<\/li><\/ul><\/li><\/ul>\t\t\t\t\t\t<\/div>\n\t\t\t\t<\/div>\n\t\t\t\t\t<\/div>\n\t\t<\/div>\n\t\t\t\t\t\t\t<\/div>\n\t\t<\/section>\n\t\t\t\t<section class=\"elementor-section elementor-top-section elementor-element elementor-element-a0fed35 elementor-section-boxed elementor-section-height-default elementor-section-height-default\" data-id=\"a0fed35\" data-element_type=\"section\">\n\t\t\t\t\t\t<div class=\"elementor-container elementor-column-gap-default\">\n\t\t\t\t\t<div class=\"elementor-column elementor-col-100 elementor-top-column elementor-element elementor-element-3a4d32c\" data-id=\"3a4d32c\" data-element_type=\"column\">\n\t\t\t<div class=\"elementor-widget-wrap elementor-element-populated\">\n\t\t\t\t\t\t\t\t<div class=\"elementor-element elementor-element-a041feb elementor-widget elementor-widget-text-editor\" data-id=\"a041feb\" data-element_type=\"widget\" data-widget_type=\"text-editor.default\">\n\t\t\t\t<div class=\"elementor-widget-container\">\n\t\t\t\t\t\t\t<ul><li style=\"text-align: justify;\">La mise en place d\u2019outils connect\u00e9s repose sur l\u2019acc\u00e8s \u00e0 des zones \u00e9quip\u00e9es d\u2019Internet, ce qui peut parfois \u00eatre limit\u00e9 dans les zones rurales \u00e9loign\u00e9es. Il est donc difficile de mettre en place ce type de technologies dans ces cas-ci.<\/li><\/ul>\t\t\t\t\t\t<\/div>\n\t\t\t\t<\/div>\n\t\t\t\t\t<\/div>\n\t\t<\/div>\n\t\t\t\t\t\t\t<\/div>\n\t\t<\/section>\n\t\t\t\t<section class=\"elementor-section elementor-top-section elementor-element elementor-element-be9700a elementor-section-boxed elementor-section-height-default elementor-section-height-default\" data-id=\"be9700a\" data-element_type=\"section\">\n\t\t\t\t\t\t<div class=\"elementor-container elementor-column-gap-default\">\n\t\t\t\t\t<div class=\"elementor-column elementor-col-100 elementor-top-column elementor-element elementor-element-7d59943\" data-id=\"7d59943\" data-element_type=\"column\">\n\t\t\t<div class=\"elementor-widget-wrap elementor-element-populated\">\n\t\t\t\t\t\t\t\t<div class=\"elementor-element elementor-element-f45f51b elementor-widget elementor-widget-text-editor\" data-id=\"f45f51b\" data-element_type=\"widget\" data-widget_type=\"text-editor.default\">\n\t\t\t\t<div class=\"elementor-widget-container\">\n\t\t\t\t\t\t\t<p style=\"text-align: justify;\">Ainsi, les avanc\u00e9es technologiques permettent de maintenir l\u2019autonomie des personnes \u00e0 domicile et limiter les risques de chutes ou de blessures en renfor\u00e7ant le confort et la s\u00e9curit\u00e9.<\/p>\t\t\t\t\t\t<\/div>\n\t\t\t\t<\/div>\n\t\t\t\t\t<\/div>\n\t\t<\/div>\n\t\t\t\t\t\t\t<\/div>\n\t\t<\/section>\n\t\t\t\t\t\t\t<\/div>\n\t\t","protected":false},"excerpt":{"rendered":"<p>L\u2019adaptation du logement \u00e0 la perte d\u2019autonomie est aujourd\u2019hui devenue un objectif important pour permettre aux personnes atteintes de perte d\u2019autonomie au quotidien de pouvoir demeurer chez elle en toute s\u00e9curit\u00e9. Avec les avanc\u00e9es technologiques, l\u2019adaptation du logement pour la perte d\u2019autonomie a \u00e9t\u00e9 r\u00e9volutionn\u00e9e gr\u00e2ce \u00e0 des outils et am\u00e9nagements innovants. Nous pouvons citer [&hellip;]<\/p>\n","protected":false},"author":3,"featured_media":3841,"comment_status":"closed","ping_status":"open","sticky":false,"template":"","format":"standard","meta":{"footnotes":""},"categories":[29],"tags":[],"class_list":["post-3827","post","type-post","status-publish","format-standard","has-post-thumbnail","hentry","category-solutions"],"_links":{"self":[{"href":"https:\/\/bel-avie.com\/blog\/wp-json\/wp\/v2\/posts\/3827","targetHints":{"allow":["GET"]}}],"collection":[{"href":"https:\/\/bel-avie.com\/blog\/wp-json\/wp\/v2\/posts"}],"about":[{"href":"https:\/\/bel-avie.com\/blog\/wp-json\/wp\/v2\/types\/post"}],"author":[{"embeddable":true,"href":"https:\/\/bel-avie.com\/blog\/wp-json\/wp\/v2\/users\/3"}],"replies":[{"embeddable":true,"href":"https:\/\/bel-avie.com\/blog\/wp-json\/wp\/v2\/comments?post=3827"}],"version-history":[{"count":28,"href":"https:\/\/bel-avie.com\/blog\/wp-json\/wp\/v2\/posts\/3827\/revisions"}],"predecessor-version":[{"id":4511,"href":"https:\/\/bel-avie.com\/blog\/wp-json\/wp\/v2\/posts\/3827\/revisions\/4511"}],"wp:featuredmedia":[{"embeddable":true,"href":"https:\/\/bel-avie.com\/blog\/wp-json\/wp\/v2\/media\/3841"}],"wp:attachment":[{"href":"https:\/\/bel-avie.com\/blog\/wp-json\/wp\/v2\/media?parent=3827"}],"wp:term":[{"taxonomy":"category","embeddable":true,"href":"https:\/\/bel-avie.com\/blog\/wp-json\/wp\/v2\/categories?post=3827"},{"taxonomy":"post_tag","embeddable":true,"href":"https:\/\/bel-avie.com\/blog\/wp-json\/wp\/v2\/tags?post=3827"}],"curies":[{"name":"wp","href":"https:\/\/api.w.org\/{rel}","templated":true}]}}