{"id":3996,"date":"2025-03-19T14:41:00","date_gmt":"2025-03-19T13:41:00","guid":{"rendered":"https:\/\/bel-avie.com\/blog\/?p=3996"},"modified":"2025-02-20T12:20:40","modified_gmt":"2025-02-20T11:20:40","slug":"les-solutions-de-transport-pour-les-personnes-agees-et-les-personnes-en-situation-de-handicap","status":"publish","type":"post","link":"https:\/\/bel-avie.com\/blog\/les-solutions-de-transport-pour-les-personnes-agees-et-les-personnes-en-situation-de-handicap\/","title":{"rendered":"Les solutions de transport pour les personnes \u00e2g\u00e9es et les personnes en situation de handicap"},"content":{"rendered":"\t\t<div data-elementor-type=\"wp-post\" data-elementor-id=\"3996\" class=\"elementor elementor-3996\">\n\t\t\t\t\t\t\t\t\t<section class=\"elementor-section elementor-top-section elementor-element elementor-element-a919177 elementor-section-boxed elementor-section-height-default elementor-section-height-default\" data-id=\"a919177\" data-element_type=\"section\">\n\t\t\t\t\t\t<div class=\"elementor-container elementor-column-gap-default\">\n\t\t\t\t\t<div class=\"elementor-column elementor-col-100 elementor-top-column elementor-element elementor-element-52c78b4\" data-id=\"52c78b4\" data-element_type=\"column\">\n\t\t\t<div class=\"elementor-widget-wrap elementor-element-populated\">\n\t\t\t\t\t\t\t\t<div class=\"elementor-element elementor-element-098fe69 elementor-widget elementor-widget-text-editor\" data-id=\"098fe69\" data-element_type=\"widget\" data-widget_type=\"text-editor.default\">\n\t\t\t\t<div class=\"elementor-widget-container\">\n\t\t\t<style>\/*! elementor - v3.15.0 - 20-08-2023 *\/\n.elementor-widget-text-editor.elementor-drop-cap-view-stacked .elementor-drop-cap{background-color:#69727d;color:#fff}.elementor-widget-text-editor.elementor-drop-cap-view-framed .elementor-drop-cap{color:#69727d;border:3px solid;background-color:transparent}.elementor-widget-text-editor:not(.elementor-drop-cap-view-default) .elementor-drop-cap{margin-top:8px}.elementor-widget-text-editor:not(.elementor-drop-cap-view-default) .elementor-drop-cap-letter{width:1em;height:1em}.elementor-widget-text-editor .elementor-drop-cap{float:left;text-align:center;line-height:1;font-size:50px}.elementor-widget-text-editor .elementor-drop-cap-letter{display:inline-block}<\/style>\t\t\t\t<p style=\"text-align: justify;\">La mobilit\u00e9 est un facteur cl\u00e9 pour l&rsquo;autonomie des personnes \u00e2g\u00e9es et des personnes en situation de handicap. Elle permet de maintenir un lien social, d&rsquo;acc\u00e9der aux services de sant\u00e9 et d&rsquo;accomplir des t\u00e2ches du quotidien. Toutefois, pour ces populations, se d\u00e9placer peut devenir un d\u00e9fi en raison des limitations physiques, sensorielles ou cognitives. Face \u00e0 ce constat, plusieurs solutions de transport ont \u00e9t\u00e9 d\u00e9velopp\u00e9es pour r\u00e9pondre \u00e0 leurs besoins sp\u00e9cifiques et ainsi am\u00e9liorer leur qualit\u00e9 de vie.<\/p><p style=\"text-align: justify;\"><em>Cet article explore les principales options de transport disponibles, ainsi que les aides mises en place par l&rsquo;\u00c9tat pour soutenir ces initiatives.<\/em><\/p>\t\t\t\t\t\t<\/div>\n\t\t\t\t<\/div>\n\t\t\t\t\t<\/div>\n\t\t<\/div>\n\t\t\t\t\t\t\t<\/div>\n\t\t<\/section>\n\t\t\t\t<section class=\"elementor-section elementor-top-section elementor-element elementor-element-8e42969 elementor-section-boxed elementor-section-height-default elementor-section-height-default\" data-id=\"8e42969\" data-element_type=\"section\">\n\t\t\t\t\t\t<div class=\"elementor-container elementor-column-gap-default\">\n\t\t\t\t\t<div class=\"elementor-column elementor-col-100 elementor-top-column elementor-element elementor-element-7cc60bf\" data-id=\"7cc60bf\" data-element_type=\"column\">\n\t\t\t<div class=\"elementor-widget-wrap elementor-element-populated\">\n\t\t\t\t\t\t\t\t<div class=\"elementor-element elementor-element-9e45eb9 elementor-widget elementor-widget-spacer\" data-id=\"9e45eb9\" data-element_type=\"widget\" data-widget_type=\"spacer.default\">\n\t\t\t\t<div class=\"elementor-widget-container\">\n\t\t\t<style>\/*! elementor - v3.15.0 - 20-08-2023 *\/\n.elementor-column .elementor-spacer-inner{height:var(--spacer-size)}.e-con{--container-widget-width:100%}.e-con-inner>.elementor-widget-spacer,.e-con>.elementor-widget-spacer{width:var(--container-widget-width,var(--spacer-size));--align-self:var(--container-widget-align-self,initial);--flex-shrink:0}.e-con-inner>.elementor-widget-spacer>.elementor-widget-container,.e-con-inner>.elementor-widget-spacer>.elementor-widget-container>.elementor-spacer,.e-con>.elementor-widget-spacer>.elementor-widget-container,.e-con>.elementor-widget-spacer>.elementor-widget-container>.elementor-spacer{height:100%}.e-con-inner>.elementor-widget-spacer>.elementor-widget-container>.elementor-spacer>.elementor-spacer-inner,.e-con>.elementor-widget-spacer>.elementor-widget-container>.elementor-spacer>.elementor-spacer-inner{height:var(--container-widget-height,var(--spacer-size))}<\/style>\t\t<div class=\"elementor-spacer\">\n\t\t\t<div class=\"elementor-spacer-inner\"><\/div>\n\t\t<\/div>\n\t\t\t\t<\/div>\n\t\t\t\t<\/div>\n\t\t\t\t\t<\/div>\n\t\t<\/div>\n\t\t\t\t\t\t\t<\/div>\n\t\t<\/section>\n\t\t\t\t<section class=\"elementor-section elementor-top-section elementor-element elementor-element-8b942fc elementor-section-boxed elementor-section-height-default elementor-section-height-default\" data-id=\"8b942fc\" data-element_type=\"section\">\n\t\t\t\t\t\t<div class=\"elementor-container elementor-column-gap-default\">\n\t\t\t\t\t<div class=\"elementor-column elementor-col-100 elementor-top-column elementor-element elementor-element-2f39c07\" data-id=\"2f39c07\" data-element_type=\"column\">\n\t\t\t<div class=\"elementor-widget-wrap elementor-element-populated\">\n\t\t\t\t\t\t\t\t<div class=\"elementor-element elementor-element-5725768 elementor-widget elementor-widget-heading\" data-id=\"5725768\" data-element_type=\"widget\" data-widget_type=\"heading.default\">\n\t\t\t\t<div class=\"elementor-widget-container\">\n\t\t\t<style>\/*! elementor - v3.15.0 - 20-08-2023 *\/\n.elementor-heading-title{padding:0;margin:0;line-height:1}.elementor-widget-heading .elementor-heading-title[class*=elementor-size-]>a{color:inherit;font-size:inherit;line-height:inherit}.elementor-widget-heading .elementor-heading-title.elementor-size-small{font-size:15px}.elementor-widget-heading .elementor-heading-title.elementor-size-medium{font-size:19px}.elementor-widget-heading .elementor-heading-title.elementor-size-large{font-size:29px}.elementor-widget-heading .elementor-heading-title.elementor-size-xl{font-size:39px}.elementor-widget-heading .elementor-heading-title.elementor-size-xxl{font-size:59px}<\/style><h2 class=\"elementor-heading-title elementor-size-default\">Les solutions de transport adapt\u00e9es<\/h2>\t\t<\/div>\n\t\t\t\t<\/div>\n\t\t\t\t<div class=\"elementor-element elementor-element-d786ac3 elementor-widget elementor-widget-image\" data-id=\"d786ac3\" data-element_type=\"widget\" data-widget_type=\"image.default\">\n\t\t\t\t<div class=\"elementor-widget-container\">\n\t\t\t<style>\/*! elementor - v3.15.0 - 20-08-2023 *\/\n.elementor-widget-image{text-align:center}.elementor-widget-image a{display:inline-block}.elementor-widget-image a img[src$=\".svg\"]{width:48px}.elementor-widget-image img{vertical-align:middle;display:inline-block}<\/style>\t\t\t\t\t\t\t\t\t\t\t\t<img decoding=\"async\" width=\"5427\" height=\"3598\" src=\"https:\/\/bel-avie.com\/blog\/wp-content\/uploads\/2024\/09\/mlki.png\" class=\"attachment-full size-full wp-image-4001\" alt=\"\" srcset=\"https:\/\/bel-avie.com\/blog\/wp-content\/uploads\/2024\/09\/mlki.png 5427w, https:\/\/bel-avie.com\/blog\/wp-content\/uploads\/2024\/09\/mlki-300x199.png 300w, https:\/\/bel-avie.com\/blog\/wp-content\/uploads\/2024\/09\/mlki-1024x679.png 1024w, https:\/\/bel-avie.com\/blog\/wp-content\/uploads\/2024\/09\/mlki-768x509.png 768w, https:\/\/bel-avie.com\/blog\/wp-content\/uploads\/2024\/09\/mlki-1536x1018.png 1536w, https:\/\/bel-avie.com\/blog\/wp-content\/uploads\/2024\/09\/mlki-2048x1358.png 2048w\" sizes=\"(max-width: 5427px) 100vw, 5427px\" \/>\t\t\t\t\t\t\t\t\t\t\t\t\t\t\t<\/div>\n\t\t\t\t<\/div>\n\t\t\t\t<div class=\"elementor-element elementor-element-d23f3a6 elementor-widget elementor-widget-text-editor\" data-id=\"d23f3a6\" data-element_type=\"widget\" data-widget_type=\"text-editor.default\">\n\t\t\t\t<div class=\"elementor-widget-container\">\n\t\t\t\t\t\t\t<p style=\"text-align: justify;\">Ces infrastructures permettent \u00e0 ces personnes de continuer \u00e0 utiliser les transports publics de mani\u00e8re autonome, tout en b\u00e9n\u00e9ficiant d\u2019un soutien pour rendre leurs d\u00e9placements plus confortables.<!-- notionvc: ed8be309-5cd6-47d4-9eb7-038c7e3d8d48 --><\/p>\t\t\t\t\t\t<\/div>\n\t\t\t\t<\/div>\n\t\t\t\t<div class=\"elementor-element elementor-element-3126c40 elementor-widget elementor-widget-heading\" data-id=\"3126c40\" data-element_type=\"widget\" data-widget_type=\"heading.default\">\n\t\t\t\t<div class=\"elementor-widget-container\">\n\t\t\t<h4 class=\"elementor-heading-title elementor-size-default\"> Les services de transport \u00e0 la demande (TAD)<\/h4>\t\t<\/div>\n\t\t\t\t<\/div>\n\t\t\t\t<div class=\"elementor-element elementor-element-d3a4f93 elementor-widget elementor-widget-text-editor\" data-id=\"d3a4f93\" data-element_type=\"widget\" data-widget_type=\"text-editor.default\">\n\t\t\t\t<div class=\"elementor-widget-container\">\n\t\t\t\t\t\t\t<p style=\"text-align: justify;\">Le <strong>transport \u00e0 la demande (TAD)<\/strong> est une solution flexible et adapt\u00e9e aux besoins des personnes qui ne peuvent pas ou ne souhaitent pas utiliser les transports publics classiques. Ce service fonctionne g\u00e9n\u00e9ralement par r\u00e9servation et propose :<\/p><ul style=\"text-align: justify;\"><li><strong>Prise en charge \u00e0 domicile<\/strong> pour conduire les personnes directement \u00e0 leur destination.<\/li><li><strong>V\u00e9hicules sp\u00e9cialement am\u00e9nag\u00e9s<\/strong> pour accueillir des fauteuils roulants et d&rsquo;autres \u00e9quipements d\u2019aide \u00e0 la mobilit\u00e9.<\/li><li><strong>Chauffeurs form\u00e9s<\/strong> pour aider les personnes \u00e2g\u00e9es ou handicap\u00e9es lors de l\u2019embarquement et du d\u00e9barquement, garantissant leur s\u00e9curit\u00e9.<\/li><\/ul><p style=\"text-align: justify;\">Les TAD sont souvent subventionn\u00e9s par les collectivit\u00e9s locales et sont tr\u00e8s utiles dans les zones rurales ou mal desservies par les transports publics.<\/p><p><!-- notionvc: 66f5edef-7684-407e-9edb-502e20d72bf6 --><\/p>\t\t\t\t\t\t<\/div>\n\t\t\t\t<\/div>\n\t\t\t\t<div class=\"elementor-element elementor-element-cef7138 elementor-widget elementor-widget-heading\" data-id=\"cef7138\" data-element_type=\"widget\" data-widget_type=\"heading.default\">\n\t\t\t\t<div class=\"elementor-widget-container\">\n\t\t\t<h4 class=\"elementor-heading-title elementor-size-default\">Taxis et VTC adapt\u00e9s<\/h4>\t\t<\/div>\n\t\t\t\t<\/div>\n\t\t\t\t<div class=\"elementor-element elementor-element-d8ab966 elementor-widget elementor-widget-text-editor\" data-id=\"d8ab966\" data-element_type=\"widget\" data-widget_type=\"text-editor.default\">\n\t\t\t\t<div class=\"elementor-widget-container\">\n\t\t\t\t\t\t\t<p style=\"text-align: justify;\">Les taxis et VTC constituent une solution de transport confortable et rapide pour les personnes \u00e2g\u00e9es ou handicap\u00e9es, particuli\u00e8rement lorsque les transports en commun ou les TAD ne sont pas disponibles. Certaines compagnies offrent des <span class=\"notion-enable-hover\" data-token-index=\"1\">v\u00e9hicules am\u00e9nag\u00e9s<\/span>, \u00e9quip\u00e9s de rampes ou de syst\u00e8mes de fixation pour fauteuils roulants. Ces services sont adapt\u00e9s pour r\u00e9pondre aux besoins sp\u00e9cifiques des passagers, bien qu&rsquo;ils puissent \u00eatre plus co\u00fbteux que les alternatives publiques.<!-- notionvc: 07089f3f-6f5e-4208-bc80-97c42c242625 --><\/p>\t\t\t\t\t\t<\/div>\n\t\t\t\t<\/div>\n\t\t\t\t\t<\/div>\n\t\t<\/div>\n\t\t\t\t\t\t\t<\/div>\n\t\t<\/section>\n\t\t\t\t<section class=\"elementor-section elementor-top-section elementor-element elementor-element-2fdc286 elementor-section-boxed elementor-section-height-default elementor-section-height-default\" data-id=\"2fdc286\" data-element_type=\"section\">\n\t\t\t\t\t\t<div class=\"elementor-container elementor-column-gap-default\">\n\t\t\t\t\t<div class=\"elementor-column elementor-col-100 elementor-top-column elementor-element elementor-element-13b325f\" data-id=\"13b325f\" data-element_type=\"column\">\n\t\t\t<div class=\"elementor-widget-wrap elementor-element-populated\">\n\t\t\t\t\t\t\t\t<div class=\"elementor-element elementor-element-3893b40 elementor-widget elementor-widget-spacer\" data-id=\"3893b40\" data-element_type=\"widget\" data-widget_type=\"spacer.default\">\n\t\t\t\t<div class=\"elementor-widget-container\">\n\t\t\t\t\t<div class=\"elementor-spacer\">\n\t\t\t<div class=\"elementor-spacer-inner\"><\/div>\n\t\t<\/div>\n\t\t\t\t<\/div>\n\t\t\t\t<\/div>\n\t\t\t\t\t<\/div>\n\t\t<\/div>\n\t\t\t\t\t\t\t<\/div>\n\t\t<\/section>\n\t\t\t\t<section class=\"elementor-section elementor-top-section elementor-element elementor-element-1765e6d elementor-section-boxed elementor-section-height-default elementor-section-height-default\" data-id=\"1765e6d\" data-element_type=\"section\">\n\t\t\t\t\t\t<div class=\"elementor-container elementor-column-gap-default\">\n\t\t\t\t\t<div class=\"elementor-column elementor-col-100 elementor-top-column elementor-element elementor-element-fc4aac6\" data-id=\"fc4aac6\" data-element_type=\"column\">\n\t\t\t<div class=\"elementor-widget-wrap elementor-element-populated\">\n\t\t\t\t\t\t\t\t<div class=\"elementor-element elementor-element-67dbd4f elementor-widget elementor-widget-heading\" data-id=\"67dbd4f\" data-element_type=\"widget\" data-widget_type=\"heading.default\">\n\t\t\t\t<div class=\"elementor-widget-container\">\n\t\t\t<h2 class=\"elementor-heading-title elementor-size-default\">Les aides de l\u2019\u00c9tat et des collectivit\u00e9s<\/h2>\t\t<\/div>\n\t\t\t\t<\/div>\n\t\t\t\t<div class=\"elementor-element elementor-element-da44f43 elementor-widget elementor-widget-text-editor\" data-id=\"da44f43\" data-element_type=\"widget\" data-widget_type=\"text-editor.default\">\n\t\t\t\t<div class=\"elementor-widget-container\">\n\t\t\t\t\t\t\t<p>L&rsquo;\u00c9tat fran\u00e7ais et les collectivit\u00e9s locales ont mis en place plusieurs aides pour faciliter la mobilit\u00e9 des personnes \u00e2g\u00e9es et des personnes en situation de handicap. Ces aides couvrent diff\u00e9rents aspects, allant du financement des am\u00e9nagements de v\u00e9hicules \u00e0 la r\u00e9duction des co\u00fbts de transport.<!-- notionvc: 30b53326-9c8a-4554-8229-7bfaff48b2da --><\/p>\t\t\t\t\t\t<\/div>\n\t\t\t\t<\/div>\n\t\t\t\t<div class=\"elementor-element elementor-element-6dd5c14 elementor-widget elementor-widget-image\" data-id=\"6dd5c14\" data-element_type=\"widget\" data-widget_type=\"image.default\">\n\t\t\t\t<div class=\"elementor-widget-container\">\n\t\t\t\t\t\t\t\t\t\t\t\t\t\t\t<img decoding=\"async\" width=\"5427\" height=\"3598\" src=\"https:\/\/bel-avie.com\/blog\/wp-content\/uploads\/2024\/10\/jhgffr-erf.png\" class=\"attachment-full size-full wp-image-4016\" alt=\"les aides de l&#039;Etat\" srcset=\"https:\/\/bel-avie.com\/blog\/wp-content\/uploads\/2024\/10\/jhgffr-erf.png 5427w, https:\/\/bel-avie.com\/blog\/wp-content\/uploads\/2024\/10\/jhgffr-erf-300x199.png 300w, https:\/\/bel-avie.com\/blog\/wp-content\/uploads\/2024\/10\/jhgffr-erf-1024x679.png 1024w, https:\/\/bel-avie.com\/blog\/wp-content\/uploads\/2024\/10\/jhgffr-erf-768x509.png 768w, https:\/\/bel-avie.com\/blog\/wp-content\/uploads\/2024\/10\/jhgffr-erf-1536x1018.png 1536w, https:\/\/bel-avie.com\/blog\/wp-content\/uploads\/2024\/10\/jhgffr-erf-2048x1358.png 2048w\" sizes=\"(max-width: 5427px) 100vw, 5427px\" \/>\t\t\t\t\t\t\t\t\t\t\t\t\t\t\t<\/div>\n\t\t\t\t<\/div>\n\t\t\t\t\t<\/div>\n\t\t<\/div>\n\t\t\t\t\t\t\t<\/div>\n\t\t<\/section>\n\t\t\t\t<section class=\"elementor-section elementor-top-section elementor-element elementor-element-0b42187 elementor-section-boxed elementor-section-height-default elementor-section-height-default\" data-id=\"0b42187\" data-element_type=\"section\">\n\t\t\t\t\t\t<div class=\"elementor-container elementor-column-gap-default\">\n\t\t\t\t\t<div class=\"elementor-column elementor-col-100 elementor-top-column elementor-element elementor-element-02d8728\" data-id=\"02d8728\" data-element_type=\"column\">\n\t\t\t<div class=\"elementor-widget-wrap elementor-element-populated\">\n\t\t\t\t\t\t\t\t<div class=\"elementor-element elementor-element-af35940 elementor-widget elementor-widget-heading\" data-id=\"af35940\" data-element_type=\"widget\" data-widget_type=\"heading.default\">\n\t\t\t\t<div class=\"elementor-widget-container\">\n\t\t\t<h4 class=\"elementor-heading-title elementor-size-default\">R\u00e9ductions tarifaires et gratuit\u00e9 dans les transports<\/h4>\t\t<\/div>\n\t\t\t\t<\/div>\n\t\t\t\t<div class=\"elementor-element elementor-element-4094b84 elementor-widget elementor-widget-text-editor\" data-id=\"4094b84\" data-element_type=\"widget\" data-widget_type=\"text-editor.default\">\n\t\t\t\t<div class=\"elementor-widget-container\">\n\t\t\t\t\t\t\t<p style=\"text-align: justify;\">Dans plusieurs villes et r\u00e9gions, les personnes \u00e2g\u00e9es et handicap\u00e9es peuvent b\u00e9n\u00e9ficier de <strong>r\u00e9ductions<\/strong> ou de la <strong>gratuit\u00e9<\/strong> sur les r\u00e9seaux de transports publics. Par exemple :<\/p><ul><li style=\"text-align: justify;\">\u00c0 Paris, la RATP propose la gratuit\u00e9 des transports pour les b\u00e9n\u00e9ficiaires de l&rsquo;APA ou de la PCH.<\/li><li style=\"text-align: justify;\">La <strong>carte Avantage Senior<\/strong> de la SNCF offre des <strong>r\u00e9ductions jusqu\u2019\u00e0 30 %<\/strong> sur les trajets en train pour les personnes de plus de 60 ans.<\/li><\/ul><p><!-- notionvc: ca402cd0-041b-4657-bc0c-c5a3157cdb1a --><\/p>\t\t\t\t\t\t<\/div>\n\t\t\t\t<\/div>\n\t\t\t\t<div class=\"elementor-element elementor-element-8c73401 elementor-widget elementor-widget-image\" data-id=\"8c73401\" data-element_type=\"widget\" data-widget_type=\"image.default\">\n\t\t\t\t<div class=\"elementor-widget-container\">\n\t\t\t\t\t\t\t\t\t\t\t\t\t\t\t<img decoding=\"async\" width=\"5427\" height=\"3598\" src=\"https:\/\/bel-avie.com\/blog\/wp-content\/uploads\/2024\/10\/HFGJR.png\" class=\"attachment-full size-full wp-image-4025\" alt=\"\" srcset=\"https:\/\/bel-avie.com\/blog\/wp-content\/uploads\/2024\/10\/HFGJR.png 5427w, https:\/\/bel-avie.com\/blog\/wp-content\/uploads\/2024\/10\/HFGJR-300x199.png 300w, https:\/\/bel-avie.com\/blog\/wp-content\/uploads\/2024\/10\/HFGJR-1024x679.png 1024w, https:\/\/bel-avie.com\/blog\/wp-content\/uploads\/2024\/10\/HFGJR-768x509.png 768w, https:\/\/bel-avie.com\/blog\/wp-content\/uploads\/2024\/10\/HFGJR-1536x1018.png 1536w, https:\/\/bel-avie.com\/blog\/wp-content\/uploads\/2024\/10\/HFGJR-2048x1358.png 2048w\" sizes=\"(max-width: 5427px) 100vw, 5427px\" \/>\t\t\t\t\t\t\t\t\t\t\t\t\t\t\t<\/div>\n\t\t\t\t<\/div>\n\t\t\t\t\t<\/div>\n\t\t<\/div>\n\t\t\t\t\t\t\t<\/div>\n\t\t<\/section>\n\t\t\t\t<section class=\"elementor-section elementor-top-section elementor-element elementor-element-f123000 elementor-section-boxed elementor-section-height-default elementor-section-height-default\" data-id=\"f123000\" data-element_type=\"section\">\n\t\t\t\t\t\t<div class=\"elementor-container elementor-column-gap-default\">\n\t\t\t\t\t<div class=\"elementor-column elementor-col-100 elementor-top-column elementor-element elementor-element-c43fc2f\" data-id=\"c43fc2f\" data-element_type=\"column\">\n\t\t\t<div class=\"elementor-widget-wrap elementor-element-populated\">\n\t\t\t\t\t\t\t\t<div class=\"elementor-element elementor-element-8d3d077 elementor-widget elementor-widget-spacer\" data-id=\"8d3d077\" data-element_type=\"widget\" data-widget_type=\"spacer.default\">\n\t\t\t\t<div class=\"elementor-widget-container\">\n\t\t\t\t\t<div class=\"elementor-spacer\">\n\t\t\t<div class=\"elementor-spacer-inner\"><\/div>\n\t\t<\/div>\n\t\t\t\t<\/div>\n\t\t\t\t<\/div>\n\t\t\t\t\t<\/div>\n\t\t<\/div>\n\t\t\t\t\t\t\t<\/div>\n\t\t<\/section>\n\t\t\t\t<section class=\"elementor-section elementor-top-section elementor-element elementor-element-06ec417 elementor-section-boxed elementor-section-height-default elementor-section-height-default\" data-id=\"06ec417\" data-element_type=\"section\">\n\t\t\t\t\t\t<div class=\"elementor-container elementor-column-gap-default\">\n\t\t\t\t\t<div class=\"elementor-column elementor-col-100 elementor-top-column elementor-element elementor-element-63d9402\" data-id=\"63d9402\" data-element_type=\"column\">\n\t\t\t<div class=\"elementor-widget-wrap elementor-element-populated\">\n\t\t\t\t\t\t\t\t<div class=\"elementor-element elementor-element-bbafd0e elementor-widget elementor-widget-text-editor\" data-id=\"bbafd0e\" data-element_type=\"widget\" data-widget_type=\"text-editor.default\">\n\t\t\t\t<div class=\"elementor-widget-container\">\n\t\t\t\t\t\t\t<p style=\"text-align: justify;\"><em><span class=\"notion-enable-hover\" data-token-index=\"0\">Les solutions de transport pour les personnes \u00e2g\u00e9es et les personnes en situation de handicap sont nombreuses et vari\u00e9es, allant des transports publics adapt\u00e9s aux services de transport \u00e0 la demande et aux innovations technologiques. L\u2019\u00c9tat et les collectivit\u00e9s locales soutiennent ces initiatives par le biais de diverses aides financi\u00e8res, permettant ainsi \u00e0 ces populations de maintenir leur mobilit\u00e9, leur autonomie, et leur inclusion dans la soci\u00e9t\u00e9. Ces efforts sont essentiels pour garantir \u00e0 chacun une vie plus active et connect\u00e9e, malgr\u00e9 les obstacles li\u00e9s \u00e0 l&rsquo;\u00e2ge ou au handicap.<\/span><\/em><!-- notionvc: 291a9400-80b1-4096-82be-35322c7a16b9 --><\/p>\t\t\t\t\t\t<\/div>\n\t\t\t\t<\/div>\n\t\t\t\t\t<\/div>\n\t\t<\/div>\n\t\t\t\t\t\t\t<\/div>\n\t\t<\/section>\n\t\t\t\t\t\t\t<\/div>\n\t\t","protected":false},"excerpt":{"rendered":"<p>La mobilit\u00e9 est un facteur cl\u00e9 pour l&rsquo;autonomie des personnes \u00e2g\u00e9es et des personnes en situation de handicap. Elle permet de maintenir un lien social, d&rsquo;acc\u00e9der aux services de sant\u00e9 et d&rsquo;accomplir des t\u00e2ches du quotidien. Toutefois, pour ces populations, se d\u00e9placer peut devenir un d\u00e9fi en raison des limitations physiques, sensorielles ou cognitives. Face [&hellip;]<\/p>\n","protected":false},"author":3,"featured_media":4032,"comment_status":"closed","ping_status":"open","sticky":false,"template":"","format":"standard","meta":{"footnotes":""},"categories":[43,29],"tags":[],"class_list":["post-3996","post","type-post","status-publish","format-standard","has-post-thumbnail","hentry","category-financement","category-solutions"],"_links":{"self":[{"href":"https:\/\/bel-avie.com\/blog\/wp-json\/wp\/v2\/posts\/3996","targetHints":{"allow":["GET"]}}],"collection":[{"href":"https:\/\/bel-avie.com\/blog\/wp-json\/wp\/v2\/posts"}],"about":[{"href":"https:\/\/bel-avie.com\/blog\/wp-json\/wp\/v2\/types\/post"}],"author":[{"embeddable":true,"href":"https:\/\/bel-avie.com\/blog\/wp-json\/wp\/v2\/users\/3"}],"replies":[{"embeddable":true,"href":"https:\/\/bel-avie.com\/blog\/wp-json\/wp\/v2\/comments?post=3996"}],"version-history":[{"count":22,"href":"https:\/\/bel-avie.com\/blog\/wp-json\/wp\/v2\/posts\/3996\/revisions"}],"predecessor-version":[{"id":4031,"href":"https:\/\/bel-avie.com\/blog\/wp-json\/wp\/v2\/posts\/3996\/revisions\/4031"}],"wp:featuredmedia":[{"embeddable":true,"href":"https:\/\/bel-avie.com\/blog\/wp-json\/wp\/v2\/media\/4032"}],"wp:attachment":[{"href":"https:\/\/bel-avie.com\/blog\/wp-json\/wp\/v2\/media?parent=3996"}],"wp:term":[{"taxonomy":"category","embeddable":true,"href":"https:\/\/bel-avie.com\/blog\/wp-json\/wp\/v2\/categories?post=3996"},{"taxonomy":"post_tag","embeddable":true,"href":"https:\/\/bel-avie.com\/blog\/wp-json\/wp\/v2\/tags?post=3996"}],"curies":[{"name":"wp","href":"https:\/\/api.w.org\/{rel}","templated":true}]}}