{"id":4380,"date":"2025-05-28T14:30:00","date_gmt":"2025-05-28T12:30:00","guid":{"rendered":"https:\/\/bel-avie.com\/blog\/?p=4380"},"modified":"2025-05-02T14:03:57","modified_gmt":"2025-05-02T12:03:57","slug":"la-silver-economie-un-secteur-cle-pour-accompagner-les-seniors","status":"publish","type":"post","link":"https:\/\/bel-avie.com\/blog\/la-silver-economie-un-secteur-cle-pour-accompagner-les-seniors\/","title":{"rendered":"La Silver \u00c9conomie : Un Secteur Cl\u00e9 pour Accompagner les seniors"},"content":{"rendered":"\t\t<div data-elementor-type=\"wp-post\" data-elementor-id=\"4380\" class=\"elementor elementor-4380\">\n\t\t\t\t\t\t\t\t\t<section class=\"elementor-section elementor-top-section elementor-element elementor-element-5cd1d3f elementor-section-boxed elementor-section-height-default elementor-section-height-default\" data-id=\"5cd1d3f\" data-element_type=\"section\">\n\t\t\t\t\t\t<div class=\"elementor-container elementor-column-gap-default\">\n\t\t\t\t\t<div class=\"elementor-column elementor-col-100 elementor-top-column elementor-element elementor-element-1cd1802\" data-id=\"1cd1802\" data-element_type=\"column\">\n\t\t\t<div class=\"elementor-widget-wrap elementor-element-populated\">\n\t\t\t\t\t\t\t\t<div class=\"elementor-element elementor-element-e63e781 elementor-widget elementor-widget-text-editor\" data-id=\"e63e781\" data-element_type=\"widget\" data-widget_type=\"text-editor.default\">\n\t\t\t\t<div class=\"elementor-widget-container\">\n\t\t\t<style>\/*! elementor - v3.15.0 - 20-08-2023 *\/\n.elementor-widget-text-editor.elementor-drop-cap-view-stacked .elementor-drop-cap{background-color:#69727d;color:#fff}.elementor-widget-text-editor.elementor-drop-cap-view-framed .elementor-drop-cap{color:#69727d;border:3px solid;background-color:transparent}.elementor-widget-text-editor:not(.elementor-drop-cap-view-default) .elementor-drop-cap{margin-top:8px}.elementor-widget-text-editor:not(.elementor-drop-cap-view-default) .elementor-drop-cap-letter{width:1em;height:1em}.elementor-widget-text-editor .elementor-drop-cap{float:left;text-align:center;line-height:1;font-size:50px}.elementor-widget-text-editor .elementor-drop-cap-letter{display:inline-block}<\/style>\t\t\t\t<p style=\"text-align: justify;\"><em>Le vieillissement de la population est un ph\u00e9nom\u00e8ne mondial qui transforme nos soci\u00e9t\u00e9s \u00e0 grande vitesse. En France, d&rsquo;ici 2050, plus d&rsquo;un tiers de la population aura plus de 60 ans, et parmi eux, une part importante devra faire face aux d\u00e9fis li\u00e9s \u00e0 la perte d\u2019autonomie. Pour r\u00e9pondre \u00e0 ces besoins croissants, la Silver \u00c9conomie se d\u00e9veloppe en proposant des solutions adapt\u00e9es aux seniors, permettant d&rsquo;am\u00e9liorer leur confort, leur s\u00e9curit\u00e9, et leur qualit\u00e9 de vie.<\/em><\/p><p style=\"text-align: justify;\"><em>Dans cet article, nous explorons comment la Silver \u00c9conomie r\u00e9pond aux besoins sp\u00e9cifiques des personnes en perte d&rsquo;autonomie et en quoi elle contribue \u00e0 leur bien-\u00eatre et \u00e0 leur inclusion sociale.<\/em><\/p>\t\t\t\t\t\t<\/div>\n\t\t\t\t<\/div>\n\t\t\t\t\t<\/div>\n\t\t<\/div>\n\t\t\t\t\t\t\t<\/div>\n\t\t<\/section>\n\t\t\t\t<section class=\"elementor-section elementor-top-section elementor-element elementor-element-01282f5 elementor-section-boxed elementor-section-height-default elementor-section-height-default\" data-id=\"01282f5\" data-element_type=\"section\">\n\t\t\t\t\t\t<div class=\"elementor-container elementor-column-gap-default\">\n\t\t\t\t\t<div class=\"elementor-column elementor-col-100 elementor-top-column elementor-element elementor-element-1e6cc2e\" data-id=\"1e6cc2e\" data-element_type=\"column\">\n\t\t\t<div class=\"elementor-widget-wrap elementor-element-populated\">\n\t\t\t\t\t\t\t\t<div class=\"elementor-element elementor-element-dd77720 elementor-widget elementor-widget-spacer\" data-id=\"dd77720\" data-element_type=\"widget\" data-widget_type=\"spacer.default\">\n\t\t\t\t<div class=\"elementor-widget-container\">\n\t\t\t<style>\/*! elementor - v3.15.0 - 20-08-2023 *\/\n.elementor-column .elementor-spacer-inner{height:var(--spacer-size)}.e-con{--container-widget-width:100%}.e-con-inner>.elementor-widget-spacer,.e-con>.elementor-widget-spacer{width:var(--container-widget-width,var(--spacer-size));--align-self:var(--container-widget-align-self,initial);--flex-shrink:0}.e-con-inner>.elementor-widget-spacer>.elementor-widget-container,.e-con-inner>.elementor-widget-spacer>.elementor-widget-container>.elementor-spacer,.e-con>.elementor-widget-spacer>.elementor-widget-container,.e-con>.elementor-widget-spacer>.elementor-widget-container>.elementor-spacer{height:100%}.e-con-inner>.elementor-widget-spacer>.elementor-widget-container>.elementor-spacer>.elementor-spacer-inner,.e-con>.elementor-widget-spacer>.elementor-widget-container>.elementor-spacer>.elementor-spacer-inner{height:var(--container-widget-height,var(--spacer-size))}<\/style>\t\t<div class=\"elementor-spacer\">\n\t\t\t<div class=\"elementor-spacer-inner\"><\/div>\n\t\t<\/div>\n\t\t\t\t<\/div>\n\t\t\t\t<\/div>\n\t\t\t\t\t<\/div>\n\t\t<\/div>\n\t\t\t\t\t\t\t<\/div>\n\t\t<\/section>\n\t\t\t\t<section class=\"elementor-section elementor-top-section elementor-element elementor-element-4fd30cb elementor-section-boxed elementor-section-height-default elementor-section-height-default\" data-id=\"4fd30cb\" data-element_type=\"section\">\n\t\t\t\t\t\t<div class=\"elementor-container elementor-column-gap-default\">\n\t\t\t\t\t<div class=\"elementor-column elementor-col-100 elementor-top-column elementor-element elementor-element-36cd6b9\" data-id=\"36cd6b9\" data-element_type=\"column\">\n\t\t\t<div class=\"elementor-widget-wrap elementor-element-populated\">\n\t\t\t\t\t\t\t\t<div class=\"elementor-element elementor-element-3ef67d2 elementor-widget elementor-widget-heading\" data-id=\"3ef67d2\" data-element_type=\"widget\" data-widget_type=\"heading.default\">\n\t\t\t\t<div class=\"elementor-widget-container\">\n\t\t\t<style>\/*! elementor - v3.15.0 - 20-08-2023 *\/\n.elementor-heading-title{padding:0;margin:0;line-height:1}.elementor-widget-heading .elementor-heading-title[class*=elementor-size-]>a{color:inherit;font-size:inherit;line-height:inherit}.elementor-widget-heading .elementor-heading-title.elementor-size-small{font-size:15px}.elementor-widget-heading .elementor-heading-title.elementor-size-medium{font-size:19px}.elementor-widget-heading .elementor-heading-title.elementor-size-large{font-size:29px}.elementor-widget-heading .elementor-heading-title.elementor-size-xl{font-size:39px}.elementor-widget-heading .elementor-heading-title.elementor-size-xxl{font-size:59px}<\/style><h2 class=\"elementor-heading-title elementor-size-default\">Qu\u2019est-ce que la silver \u00e9conomie\u00a0 ou \u00e9conomie des seniors?<\/h2>\t\t<\/div>\n\t\t\t\t<\/div>\n\t\t\t\t<div class=\"elementor-element elementor-element-68a02cd elementor-widget elementor-widget-text-editor\" data-id=\"68a02cd\" data-element_type=\"widget\" data-widget_type=\"text-editor.default\">\n\t\t\t\t<div class=\"elementor-widget-container\">\n\t\t\t\t\t\t\t<p style=\"text-align: justify;\">La <strong>Silver \u00c9conomie<\/strong> est l\u2019ensemble des services, produits, et innovations con\u00e7us pour r\u00e9pondre aux besoins des seniors. Ce secteur couvre divers domaines\u00a0: sant\u00e9, habitat, transport, loisirs, et technologies connect\u00e9es, avec pour mission de favoriser l\u2019autonomie, la s\u00e9curit\u00e9 et la qualit\u00e9 de vie des personnes \u00e2g\u00e9es.<\/p><p style=\"text-align: justify;\">Mais au-del\u00e0 des aspects \u00e9conomiques, la Silver \u00c9conomie s\u2019inscrit aussi dans une d\u00e9marche d&rsquo;innovation sociale, en repensant l\u2019accompagnement des personnes en perte d&rsquo;autonomie. L\u2019objectif est de leur permettre de rester chez elles aussi longtemps que possible dans des conditions optimales de confort et de s\u00e9curit\u00e9.<\/p>\t\t\t\t\t\t<\/div>\n\t\t\t\t<\/div>\n\t\t\t\t\t<\/div>\n\t\t<\/div>\n\t\t\t\t\t\t\t<\/div>\n\t\t<\/section>\n\t\t\t\t<section class=\"elementor-section elementor-top-section elementor-element elementor-element-218039e elementor-section-boxed elementor-section-height-default elementor-section-height-default\" data-id=\"218039e\" data-element_type=\"section\">\n\t\t\t\t\t\t<div class=\"elementor-container elementor-column-gap-default\">\n\t\t\t\t\t<div class=\"elementor-column elementor-col-100 elementor-top-column elementor-element elementor-element-d2b7d83\" data-id=\"d2b7d83\" data-element_type=\"column\">\n\t\t\t<div class=\"elementor-widget-wrap elementor-element-populated\">\n\t\t\t\t\t\t\t\t<div class=\"elementor-element elementor-element-22be4ba elementor-widget elementor-widget-spacer\" data-id=\"22be4ba\" data-element_type=\"widget\" data-widget_type=\"spacer.default\">\n\t\t\t\t<div class=\"elementor-widget-container\">\n\t\t\t\t\t<div class=\"elementor-spacer\">\n\t\t\t<div class=\"elementor-spacer-inner\"><\/div>\n\t\t<\/div>\n\t\t\t\t<\/div>\n\t\t\t\t<\/div>\n\t\t\t\t\t<\/div>\n\t\t<\/div>\n\t\t\t\t\t\t\t<\/div>\n\t\t<\/section>\n\t\t\t\t<section class=\"elementor-section elementor-top-section elementor-element elementor-element-d4f4902 elementor-section-boxed elementor-section-height-default elementor-section-height-default\" data-id=\"d4f4902\" data-element_type=\"section\">\n\t\t\t\t\t\t<div class=\"elementor-container elementor-column-gap-default\">\n\t\t\t\t\t<div class=\"elementor-column elementor-col-100 elementor-top-column elementor-element elementor-element-5bf4272\" data-id=\"5bf4272\" data-element_type=\"column\">\n\t\t\t<div class=\"elementor-widget-wrap elementor-element-populated\">\n\t\t\t\t\t\t\t\t<div class=\"elementor-element elementor-element-2e16434 elementor-widget elementor-widget-heading\" data-id=\"2e16434\" data-element_type=\"widget\" data-widget_type=\"heading.default\">\n\t\t\t\t<div class=\"elementor-widget-container\">\n\t\t\t<h2 class=\"elementor-heading-title elementor-size-default\">Les Enjeux de la Perte d\u2019Autonomie chez les Seniors<\/h2>\t\t<\/div>\n\t\t\t\t<\/div>\n\t\t\t\t<div class=\"elementor-element elementor-element-46fabdc elementor-widget elementor-widget-text-editor\" data-id=\"46fabdc\" data-element_type=\"widget\" data-widget_type=\"text-editor.default\">\n\t\t\t\t<div class=\"elementor-widget-container\">\n\t\t\t\t\t\t\t<p style=\"text-align: justify;\">La perte d&rsquo;autonomie touche de nombreuses personnes \u00e2g\u00e9es et peut engendrer des difficult\u00e9s pour accomplir des t\u00e2ches quotidiennes comme se d\u00e9placer, cuisiner, ou m\u00eame simplement rester en contact avec leurs proches. La diminution de la mobilit\u00e9 ou des capacit\u00e9s cognitives ne doit pas pour autant conduire \u00e0 une perte de dignit\u00e9 ou d&rsquo;ind\u00e9pendance.<\/p><p style=\"text-align: justify;\">Les enjeux de la perte d\u2019autonomie incluent\u00a0:<\/p>\t\t\t\t\t\t<\/div>\n\t\t\t\t<\/div>\n\t\t\t\t<div class=\"elementor-element elementor-element-0e07ebc elementor-widget elementor-widget-image\" data-id=\"0e07ebc\" data-element_type=\"widget\" data-widget_type=\"image.default\">\n\t\t\t\t<div class=\"elementor-widget-container\">\n\t\t\t<style>\/*! elementor - v3.15.0 - 20-08-2023 *\/\n.elementor-widget-image{text-align:center}.elementor-widget-image a{display:inline-block}.elementor-widget-image a img[src$=\".svg\"]{width:48px}.elementor-widget-image img{vertical-align:middle;display:inline-block}<\/style>\t\t\t\t\t\t\t\t\t\t\t\t<img decoding=\"async\" width=\"5427\" height=\"3598\" src=\"https:\/\/bel-avie.com\/blog\/wp-content\/uploads\/2024\/10\/GFDDE-1.png\" class=\"attachment-full size-full wp-image-4386\" alt=\"\" srcset=\"https:\/\/bel-avie.com\/blog\/wp-content\/uploads\/2024\/10\/GFDDE-1.png 5427w, https:\/\/bel-avie.com\/blog\/wp-content\/uploads\/2024\/10\/GFDDE-1-300x199.png 300w, https:\/\/bel-avie.com\/blog\/wp-content\/uploads\/2024\/10\/GFDDE-1-1024x679.png 1024w, https:\/\/bel-avie.com\/blog\/wp-content\/uploads\/2024\/10\/GFDDE-1-768x509.png 768w, https:\/\/bel-avie.com\/blog\/wp-content\/uploads\/2024\/10\/GFDDE-1-1536x1018.png 1536w, https:\/\/bel-avie.com\/blog\/wp-content\/uploads\/2024\/10\/GFDDE-1-2048x1358.png 2048w\" sizes=\"(max-width: 5427px) 100vw, 5427px\" \/>\t\t\t\t\t\t\t\t\t\t\t\t\t\t\t<\/div>\n\t\t\t\t<\/div>\n\t\t\t\t\t<\/div>\n\t\t<\/div>\n\t\t\t\t\t\t\t<\/div>\n\t\t<\/section>\n\t\t\t\t<section class=\"elementor-section elementor-top-section elementor-element elementor-element-1cca0b6 elementor-section-boxed elementor-section-height-default elementor-section-height-default\" data-id=\"1cca0b6\" data-element_type=\"section\">\n\t\t\t\t\t\t<div class=\"elementor-container elementor-column-gap-default\">\n\t\t\t\t\t<div class=\"elementor-column elementor-col-100 elementor-top-column elementor-element elementor-element-6fc62de\" data-id=\"6fc62de\" data-element_type=\"column\">\n\t\t\t<div class=\"elementor-widget-wrap elementor-element-populated\">\n\t\t\t\t\t\t\t\t<div class=\"elementor-element elementor-element-a9e96bb elementor-widget elementor-widget-spacer\" data-id=\"a9e96bb\" data-element_type=\"widget\" data-widget_type=\"spacer.default\">\n\t\t\t\t<div class=\"elementor-widget-container\">\n\t\t\t\t\t<div class=\"elementor-spacer\">\n\t\t\t<div class=\"elementor-spacer-inner\"><\/div>\n\t\t<\/div>\n\t\t\t\t<\/div>\n\t\t\t\t<\/div>\n\t\t\t\t\t<\/div>\n\t\t<\/div>\n\t\t\t\t\t\t\t<\/div>\n\t\t<\/section>\n\t\t\t\t<section class=\"elementor-section elementor-top-section elementor-element elementor-element-f243c40 elementor-section-boxed elementor-section-height-default elementor-section-height-default\" data-id=\"f243c40\" data-element_type=\"section\">\n\t\t\t\t\t\t<div class=\"elementor-container elementor-column-gap-default\">\n\t\t\t\t\t<div class=\"elementor-column elementor-col-100 elementor-top-column elementor-element elementor-element-9723798\" data-id=\"9723798\" data-element_type=\"column\">\n\t\t\t<div class=\"elementor-widget-wrap elementor-element-populated\">\n\t\t\t\t\t\t\t\t<div class=\"elementor-element elementor-element-5e7f28e elementor-widget elementor-widget-heading\" data-id=\"5e7f28e\" data-element_type=\"widget\" data-widget_type=\"heading.default\">\n\t\t\t\t<div class=\"elementor-widget-container\">\n\t\t\t<h2 class=\"elementor-heading-title elementor-size-default\">Pourquoi la Silver \u00c9conomie Est-elle Essentielle pour Notre Soci\u00e9t\u00e9\u00a0?<\/h2>\t\t<\/div>\n\t\t\t\t<\/div>\n\t\t\t\t<div class=\"elementor-element elementor-element-a88e54a elementor-widget elementor-widget-text-editor\" data-id=\"a88e54a\" data-element_type=\"widget\" data-widget_type=\"text-editor.default\">\n\t\t\t\t<div class=\"elementor-widget-container\">\n\t\t\t\t\t\t\t<p style=\"text-align: justify;\">La Silver \u00c9conomie r\u00e9pond non seulement aux besoins individuels des seniors, mais elle repr\u00e9sente aussi une avanc\u00e9e pour notre soci\u00e9t\u00e9 en mati\u00e8re d\u2019inclusion sociale et d\u2019innovation technologique. En permettant aux personnes \u00e2g\u00e9es de rester chez elles et de vivre dans un environnement s\u00fbr et adapt\u00e9, elle encourage un mod\u00e8le de soci\u00e9t\u00e9 o\u00f9 chacun peut vivre dans la dignit\u00e9, peu importe son \u00e2ge ou son degr\u00e9 d&rsquo;autonomie.<\/p><p style=\"text-align: justify;\">De plus, la Silver \u00c9conomie stimule l&rsquo;\u00e9conomie en cr\u00e9ant de nouveaux emplois dans des secteurs comme la sant\u00e9, l\u2019assistance \u00e0 domicile, et l&rsquo;am\u00e9nagement de l&rsquo;habitat. En investissant dans des solutions pour les seniors, ce secteur am\u00e9liore non seulement la qualit\u00e9 de vie des personnes \u00e2g\u00e9es mais g\u00e9n\u00e8re aussi une croissance \u00e9conomique b\u00e9n\u00e9fique pour tous.<\/p>\t\t\t\t\t\t<\/div>\n\t\t\t\t<\/div>\n\t\t\t\t\t<\/div>\n\t\t<\/div>\n\t\t\t\t\t\t\t<\/div>\n\t\t<\/section>\n\t\t\t\t<section class=\"elementor-section elementor-top-section elementor-element elementor-element-ddbe65a elementor-section-boxed elementor-section-height-default elementor-section-height-default\" data-id=\"ddbe65a\" data-element_type=\"section\">\n\t\t\t\t\t\t<div class=\"elementor-container elementor-column-gap-default\">\n\t\t\t\t\t<div class=\"elementor-column elementor-col-100 elementor-top-column elementor-element elementor-element-fb1cdb1\" data-id=\"fb1cdb1\" data-element_type=\"column\">\n\t\t\t<div class=\"elementor-widget-wrap elementor-element-populated\">\n\t\t\t\t\t\t\t\t<div class=\"elementor-element elementor-element-634a289 elementor-widget elementor-widget-heading\" data-id=\"634a289\" data-element_type=\"widget\" data-widget_type=\"heading.default\">\n\t\t\t\t<div class=\"elementor-widget-container\">\n\t\t\t<h2 class=\"elementor-heading-title elementor-size-default\">Les Solutions de la Silver \u00c9conomie pour Accompagner la Perte d\u2019Autonomie<\/h2>\t\t<\/div>\n\t\t\t\t<\/div>\n\t\t\t\t<div class=\"elementor-element elementor-element-cab4aca elementor-arrows-position-inside elementor-pagination-position-outside elementor-widget elementor-widget-image-carousel\" data-id=\"cab4aca\" data-element_type=\"widget\" data-settings=\"{&quot;slides_to_show&quot;:&quot;1&quot;,&quot;navigation&quot;:&quot;both&quot;,&quot;autoplay&quot;:&quot;yes&quot;,&quot;pause_on_hover&quot;:&quot;yes&quot;,&quot;pause_on_interaction&quot;:&quot;yes&quot;,&quot;autoplay_speed&quot;:5000,&quot;infinite&quot;:&quot;yes&quot;,&quot;effect&quot;:&quot;slide&quot;,&quot;speed&quot;:500}\" data-widget_type=\"image-carousel.default\">\n\t\t\t\t<div class=\"elementor-widget-container\">\n\t\t\t<style>\/*! elementor - v3.15.0 - 20-08-2023 *\/\n.elementor-widget-image-carousel .swiper,.elementor-widget-image-carousel .swiper-container{position:static}.elementor-widget-image-carousel .swiper-container .swiper-slide figure,.elementor-widget-image-carousel .swiper .swiper-slide figure{line-height:inherit}.elementor-widget-image-carousel .swiper-slide{text-align:center}.elementor-image-carousel-wrapper:not(.swiper-container-initialized):not(.swiper-initialized) .swiper-slide{max-width:calc(100% \/ var(--e-image-carousel-slides-to-show, 3))}<\/style>\t\t<div class=\"elementor-image-carousel-wrapper swiper\" dir=\"ltr\">\n\t\t\t<div class=\"elementor-image-carousel swiper-wrapper\" aria-live=\"off\">\n\t\t\t\t\t\t\t\t<div class=\"swiper-slide\" role=\"group\" aria-roledescription=\"slide\" aria-label=\"1 sur 4\"><figure class=\"swiper-slide-inner\"><img decoding=\"async\" class=\"swiper-slide-image\" src=\"https:\/\/bel-avie.com\/blog\/wp-content\/uploads\/2024\/10\/50.png\" alt=\"50\" \/><\/figure><\/div><div class=\"swiper-slide\" role=\"group\" aria-roledescription=\"slide\" aria-label=\"2 sur 4\"><figure class=\"swiper-slide-inner\"><img decoding=\"async\" class=\"swiper-slide-image\" src=\"https:\/\/bel-avie.com\/blog\/wp-content\/uploads\/2024\/10\/51.png\" alt=\"51\" \/><\/figure><\/div><div class=\"swiper-slide\" role=\"group\" aria-roledescription=\"slide\" aria-label=\"3 sur 4\"><figure class=\"swiper-slide-inner\"><img decoding=\"async\" class=\"swiper-slide-image\" src=\"https:\/\/bel-avie.com\/blog\/wp-content\/uploads\/2024\/10\/52.png\" alt=\"52\" \/><\/figure><\/div><div class=\"swiper-slide\" role=\"group\" aria-roledescription=\"slide\" aria-label=\"4 sur 4\"><figure class=\"swiper-slide-inner\"><img decoding=\"async\" class=\"swiper-slide-image\" src=\"https:\/\/bel-avie.com\/blog\/wp-content\/uploads\/2024\/10\/53.png\" alt=\"53\" \/><\/figure><\/div>\t\t\t<\/div>\n\t\t\t\t\t\t\t\t\t\t\t\t<div class=\"elementor-swiper-button elementor-swiper-button-prev\" role=\"button\" tabindex=\"0\">\n\t\t\t\t\t\t<i aria-hidden=\"true\" class=\"eicon-chevron-left\"><\/i>\t\t\t\t\t<\/div>\n\t\t\t\t\t<div class=\"elementor-swiper-button elementor-swiper-button-next\" role=\"button\" tabindex=\"0\">\n\t\t\t\t\t\t<i aria-hidden=\"true\" class=\"eicon-chevron-right\"><\/i>\t\t\t\t\t<\/div>\n\t\t\t\t\n\t\t\t\t\t\t\t\t\t<div class=\"swiper-pagination\"><\/div>\n\t\t\t\t\t\t\t\t\t<\/div>\n\t\t\t\t<\/div>\n\t\t\t\t<\/div>\n\t\t\t\t\t<\/div>\n\t\t<\/div>\n\t\t\t\t\t\t\t<\/div>\n\t\t<\/section>\n\t\t\t\t<section class=\"elementor-section elementor-top-section elementor-element elementor-element-d61e1c2 elementor-section-boxed elementor-section-height-default elementor-section-height-default\" data-id=\"d61e1c2\" data-element_type=\"section\">\n\t\t\t\t\t\t<div class=\"elementor-container elementor-column-gap-default\">\n\t\t\t\t\t<div class=\"elementor-column elementor-col-100 elementor-top-column elementor-element elementor-element-0052da8\" data-id=\"0052da8\" data-element_type=\"column\">\n\t\t\t<div class=\"elementor-widget-wrap elementor-element-populated\">\n\t\t\t\t\t\t\t\t<div class=\"elementor-element elementor-element-c97c303 elementor-widget elementor-widget-spacer\" data-id=\"c97c303\" data-element_type=\"widget\" data-widget_type=\"spacer.default\">\n\t\t\t\t<div class=\"elementor-widget-container\">\n\t\t\t\t\t<div class=\"elementor-spacer\">\n\t\t\t<div class=\"elementor-spacer-inner\"><\/div>\n\t\t<\/div>\n\t\t\t\t<\/div>\n\t\t\t\t<\/div>\n\t\t\t\t\t<\/div>\n\t\t<\/div>\n\t\t\t\t\t\t\t<\/div>\n\t\t<\/section>\n\t\t\t\t<section class=\"elementor-section elementor-top-section elementor-element elementor-element-b9b5c19 elementor-section-boxed elementor-section-height-default elementor-section-height-default\" data-id=\"b9b5c19\" data-element_type=\"section\">\n\t\t\t\t\t\t<div class=\"elementor-container elementor-column-gap-default\">\n\t\t\t\t\t<div class=\"elementor-column elementor-col-100 elementor-top-column elementor-element elementor-element-c37b194\" data-id=\"c37b194\" data-element_type=\"column\">\n\t\t\t<div class=\"elementor-widget-wrap elementor-element-populated\">\n\t\t\t\t\t\t\t\t<div class=\"elementor-element elementor-element-56e07ec elementor-widget elementor-widget-text-editor\" data-id=\"56e07ec\" data-element_type=\"widget\" data-widget_type=\"text-editor.default\">\n\t\t\t\t<div class=\"elementor-widget-container\">\n\t\t\t\t\t\t\t<p style=\"text-align: justify;\"><em>La Silver \u00c9conomie est bien plus qu\u2019un secteur en plein essor : elle est le pilier d&rsquo;une soci\u00e9t\u00e9 inclusive, o\u00f9 les seniors peuvent vieillir chez eux, entour\u00e9s de soins et de technologies adapt\u00e9es. Elle transforme en profondeur l\u2019accompagnement des personnes en perte d\u2019autonomie et apporte une r\u00e9ponse concr\u00e8te aux d\u00e9fis pos\u00e9s par le vieillissement de la population.<\/em><\/p><p style=\"text-align: justify;\"><em>Investir dans la Silver \u00c9conomie, c&rsquo;est pr\u00e9parer un avenir o\u00f9 chacun peut vivre en s\u00e9curit\u00e9 et dignit\u00e9, quelles que soient ses capacit\u00e9s physiques ou cognitives. Parce que bien vieillir n&rsquo;est pas un luxe, mais un droit accessible \u00e0 tous.<\/em><\/p>\t\t\t\t\t\t<\/div>\n\t\t\t\t<\/div>\n\t\t\t\t\t<\/div>\n\t\t<\/div>\n\t\t\t\t\t\t\t<\/div>\n\t\t<\/section>\n\t\t\t\t\t\t\t<\/div>\n\t\t","protected":false},"excerpt":{"rendered":"<p>Le vieillissement de la population est un ph\u00e9nom\u00e8ne mondial qui transforme nos soci\u00e9t\u00e9s \u00e0 grande vitesse. En France, d&rsquo;ici 2050, plus d&rsquo;un tiers de la population aura plus de 60 ans, et parmi eux, une part importante devra faire face aux d\u00e9fis li\u00e9s \u00e0 la perte d\u2019autonomie. Pour r\u00e9pondre \u00e0 ces besoins croissants, la Silver [&hellip;]<\/p>\n","protected":false},"author":3,"featured_media":4487,"comment_status":"closed","ping_status":"open","sticky":false,"template":"","format":"standard","meta":{"footnotes":""},"categories":[1,29],"tags":[],"class_list":["post-4380","post","type-post","status-publish","format-standard","has-post-thumbnail","hentry","category-sante","category-solutions"],"_links":{"self":[{"href":"https:\/\/bel-avie.com\/blog\/wp-json\/wp\/v2\/posts\/4380","targetHints":{"allow":["GET"]}}],"collection":[{"href":"https:\/\/bel-avie.com\/blog\/wp-json\/wp\/v2\/posts"}],"about":[{"href":"https:\/\/bel-avie.com\/blog\/wp-json\/wp\/v2\/types\/post"}],"author":[{"embeddable":true,"href":"https:\/\/bel-avie.com\/blog\/wp-json\/wp\/v2\/users\/3"}],"replies":[{"embeddable":true,"href":"https:\/\/bel-avie.com\/blog\/wp-json\/wp\/v2\/comments?post=4380"}],"version-history":[{"count":32,"href":"https:\/\/bel-avie.com\/blog\/wp-json\/wp\/v2\/posts\/4380\/revisions"}],"predecessor-version":[{"id":4763,"href":"https:\/\/bel-avie.com\/blog\/wp-json\/wp\/v2\/posts\/4380\/revisions\/4763"}],"wp:featuredmedia":[{"embeddable":true,"href":"https:\/\/bel-avie.com\/blog\/wp-json\/wp\/v2\/media\/4487"}],"wp:attachment":[{"href":"https:\/\/bel-avie.com\/blog\/wp-json\/wp\/v2\/media?parent=4380"}],"wp:term":[{"taxonomy":"category","embeddable":true,"href":"https:\/\/bel-avie.com\/blog\/wp-json\/wp\/v2\/categories?post=4380"},{"taxonomy":"post_tag","embeddable":true,"href":"https:\/\/bel-avie.com\/blog\/wp-json\/wp\/v2\/tags?post=4380"}],"curies":[{"name":"wp","href":"https:\/\/api.w.org\/{rel}","templated":true}]}}