{"id":5048,"date":"2026-01-23T16:05:58","date_gmt":"2026-01-23T15:05:58","guid":{"rendered":"https:\/\/bel-avie.com\/blog\/?p=5048"},"modified":"2026-01-26T16:29:53","modified_gmt":"2026-01-26T15:29:53","slug":"qui-a-le-droit-a-ma-prime-adapt","status":"publish","type":"post","link":"https:\/\/bel-avie.com\/blog\/qui-a-le-droit-a-ma-prime-adapt\/","title":{"rendered":"Qui a droit \u00e0 Ma Prime Adapt&rsquo; en 2026 ?"},"content":{"rendered":"\t\t<div data-elementor-type=\"wp-post\" data-elementor-id=\"5048\" class=\"elementor elementor-5048\">\n\t\t\t\t\t\t\t\t\t<section class=\"elementor-section elementor-top-section elementor-element elementor-element-ec9b491 elementor-section-boxed elementor-section-height-default elementor-section-height-default\" data-id=\"ec9b491\" data-element_type=\"section\">\n\t\t\t\t\t\t<div class=\"elementor-container elementor-column-gap-default\">\n\t\t\t\t\t<div class=\"elementor-column elementor-col-100 elementor-top-column elementor-element elementor-element-6d454d9\" data-id=\"6d454d9\" data-element_type=\"column\">\n\t\t\t<div class=\"elementor-widget-wrap elementor-element-populated\">\n\t\t\t\t\t\t\t\t<div class=\"elementor-element elementor-element-ae9c894 elementor-widget elementor-widget-text-editor\" data-id=\"ae9c894\" data-element_type=\"widget\" data-widget_type=\"text-editor.default\">\n\t\t\t\t<div class=\"elementor-widget-container\">\n\t\t\t<style>\/*! elementor - v3.15.0 - 20-08-2023 *\/\n.elementor-widget-text-editor.elementor-drop-cap-view-stacked .elementor-drop-cap{background-color:#69727d;color:#fff}.elementor-widget-text-editor.elementor-drop-cap-view-framed .elementor-drop-cap{color:#69727d;border:3px solid;background-color:transparent}.elementor-widget-text-editor:not(.elementor-drop-cap-view-default) .elementor-drop-cap{margin-top:8px}.elementor-widget-text-editor:not(.elementor-drop-cap-view-default) .elementor-drop-cap-letter{width:1em;height:1em}.elementor-widget-text-editor .elementor-drop-cap{float:left;text-align:center;line-height:1;font-size:50px}.elementor-widget-text-editor .elementor-drop-cap-letter{display:inline-block}<\/style>\t\t\t\t<h2>En bref<\/h2>\n<strong>Ma Prime Adapt&rsquo;<\/strong> s&rsquo;adresse aux <strong>personnes \u00e2g\u00e9es<\/strong> de 70 <strong>ans<\/strong> et plus, aux 60-69 ans avec <strong>perte d&rsquo;autonomie<\/strong> reconnue (<strong>GIR<\/strong> 1-6), et aux personnes en <strong>situation de handicap<\/strong> de moins de 60 ans (taux d&rsquo;<strong>incapacit\u00e9<\/strong> \u226550% ou b\u00e9n\u00e9ficiaires <strong>PCH<\/strong>). Les <strong>revenus<\/strong> <strong>modestes<\/strong> et tr\u00e8s modestes selon les bar\u00e8mes <strong>ANAH<\/strong> peuvent <strong>b\u00e9n\u00e9ficier<\/strong> de cette <strong>aide<\/strong> pour <strong>adapter<\/strong> leur <strong>r\u00e9sidence principale<\/strong>.\n<h2>Introduction<\/h2>\nVous r\u00eavez de rester chez vous le plus longtemps possible ? Ce souhait, des millions de Fran\u00e7ais le partagent. Pourtant, quand l&rsquo;escalier devient un d\u00e9fi quotidien ou que la baignoire fait peur, une question s&rsquo;impose : comment <strong>adapter<\/strong> son <strong>logement<\/strong> sans se ruiner ? Bonne nouvelle : l&rsquo;\u00c9tat a cr\u00e9\u00e9 <strong>Ma Prime Adapt&rsquo;<\/strong> en janvier 2024 pour vous soutenir.\n\nCette <strong>prime<\/strong> peut couvrir jusqu&rsquo;\u00e0 70% de vos <strong>travaux d&rsquo;adaptation<\/strong>. Mais entre les crit\u00e8res d&rsquo;\u00e2ge, les <strong>conditions<\/strong> de <strong>ressources<\/strong> et les <strong>situations<\/strong> particuli\u00e8res, difficile de s&rsquo;y retrouver seul. Qui peut vraiment en <strong>b\u00e9n\u00e9ficier<\/strong> ? Quel <strong>montant<\/strong> esp\u00e9rer ? Fort de notre expertise d&rsquo;AMO habilit\u00e9 <strong>ANAH<\/strong> sur 72 d\u00e9partements et plus de 6000 <strong>logements<\/strong> adapt\u00e9s, nous vous guidons pas \u00e0 pas pour <strong>savoir<\/strong> si cette aide vous concerne.\n<h2>Les crit\u00e8res d&rsquo;\u00e2ge et de perte d&rsquo;autonomie pour Ma Prime Adapt&rsquo;<\/h2>\n<img decoding=\"async\" class=\"aligncenter wp-image-5058 size-full\" src=\"http:\/\/bel-avie.com\/blog\/wp-content\/uploads\/2026\/01\/Montants-Ma-Prime-Adapt-financement-travaux-adaptation-2026.jpeg\" alt=\"Montants Ma Prime Adapt financement travaux adaptation 2026\" width=\"1376\" height=\"768\" srcset=\"https:\/\/bel-avie.com\/blog\/wp-content\/uploads\/2026\/01\/Montants-Ma-Prime-Adapt-financement-travaux-adaptation-2026.jpeg 1376w, https:\/\/bel-avie.com\/blog\/wp-content\/uploads\/2026\/01\/Montants-Ma-Prime-Adapt-financement-travaux-adaptation-2026-300x167.jpeg 300w, https:\/\/bel-avie.com\/blog\/wp-content\/uploads\/2026\/01\/Montants-Ma-Prime-Adapt-financement-travaux-adaptation-2026-1024x572.jpeg 1024w, https:\/\/bel-avie.com\/blog\/wp-content\/uploads\/2026\/01\/Montants-Ma-Prime-Adapt-financement-travaux-adaptation-2026-768x429.jpeg 768w\" sizes=\"(max-width: 1376px) 100vw, 1376px\" \/>\n<h3>Les seniors de 70 ans et plus : une \u00e9ligibilit\u00e9 automatique<\/h3>\nVous avez souffl\u00e9 vos 70 bougies ? Alors vous avez franchi la premi\u00e8re porte. \u00c0 partir de cet <strong>\u00e2ge<\/strong>, l&rsquo;\u00e9ligibilit\u00e9 \u00e0 <strong>Ma Prime Adapt&rsquo;<\/strong> est automatique, sans avoir \u00e0 prouver une quelconque <strong>perte d&rsquo;autonomie<\/strong>. L&rsquo;\u00c9tat reconna\u00eet que pass\u00e9 70 <strong>ans<\/strong>, <strong>adapter<\/strong> son <strong>habitat<\/strong> devient une d\u00e9marche de bon sens pour pr\u00e9venir les chutes et <strong>permettre<\/strong> le maintien \u00e0 domicile. Il vous suffit de respecter les <strong>conditions<\/strong> de <strong>ressources<\/strong> pour d\u00e9poser votre <strong>demande<\/strong>.\n<h3>Les 60-69 ans : l&rsquo;importance du GIR pour acc\u00e9der \u00e0 l&rsquo;aide<\/h3>\nEntre 60 et 69 <strong>ans<\/strong>, les choses sont un peu diff\u00e9rentes. Vous devez justifier d&rsquo;une <strong>perte d&rsquo;autonomie<\/strong> reconnue. Concr\u00e8tement, il faut disposer d&rsquo;une attestation <strong>GIR<\/strong> (Groupe Iso-Ressources) allant de 1 \u00e0 6. Cette \u00e9valuation mesure votre capacit\u00e9 \u00e0 accomplir les gestes du quotidien. M\u00eame un <strong>GIR<\/strong> 6, correspondant \u00e0 une l\u00e9g\u00e8re diminution de l&rsquo;<strong>autonomie<\/strong>, ouvre les portes du <strong>dispositif<\/strong>. Une bonne nouvelle pour beaucoup de <strong>personnes<\/strong> qui pensaient ne pas \u00eatre concern\u00e9es.\n<h3>Comment obtenir son attestation GIR rapidement<\/h3>\nPas d&rsquo;attestation <strong>GIR<\/strong> ? Pas de panique. Contactez votre Conseil d\u00e9partemental pour demander une \u00e9valuation. Un professionnel se d\u00e9placera chez vous pour \u00e9valuer votre <strong>situation<\/strong>. Chez BelAvie, nos ergoth\u00e9rapeutes peuvent vous accompagner dans cette d\u00e9marche et vous aider \u00e0 constituer votre dossier. Le <strong>diagnostic<\/strong> est programm\u00e9 sous 15 jours pour ne pas perdre de temps pr\u00e9cieux.\n<h2>Les conditions de handicap pour b\u00e9n\u00e9ficier de Ma Prime Adapt&rsquo;<\/h2>\n<h3>Le taux d&rsquo;incapacit\u00e9 de 50% : comment le faire reconna\u00eetre<\/h3>\nVous avez moins de 60 <strong>ans<\/strong> et vivez avec un <strong>handicap<\/strong> ? <strong>Ma Prime Adapt&rsquo;<\/strong> vous est <strong>accessible<\/strong> si votre <strong>taux d&rsquo;incapacit\u00e9<\/strong> atteint au moins 50%. Cette reconnaissance s&rsquo;obtient aupr\u00e8s de la MDPH (Maison D\u00e9partementale des <strong>Personnes<\/strong> Handicap\u00e9es). Une fois le <strong>taux<\/strong> valid\u00e9, vous pouvez engager votre <strong>projet<\/strong> d&rsquo;<strong>adaptation<\/strong> du <strong>logement<\/strong> avec les m\u00eames avantages que les seniors.\n<h3>La Prestation de Compensation du Handicap (PCH) comme s\u00e9same<\/h3>\nAutre porte d&rsquo;entr\u00e9e : \u00eatre b\u00e9n\u00e9ficiaire de la <strong>Prestation de Compensation du Handicap<\/strong>. Si vous percevez d\u00e9j\u00e0 la <strong>PCH<\/strong>, vous \u00eates automatiquement \u00e9ligible \u00e0 <strong>Ma Prime Adapt&rsquo;<\/strong>. Cette <strong>prestation<\/strong> vers\u00e9e par le d\u00e9partement reconna\u00eet vos <strong>besoins<\/strong> sp\u00e9cifiques. Et bonne nouvelle : <strong>PCH<\/strong> et <strong>Ma Prime Adapt&rsquo;<\/strong> sont cumulables pour <strong>financer<\/strong> au maximum votre <strong>projet<\/strong>.\n<ul>\n \t<li><strong>Handicap PCH<\/strong> : ouvre l&rsquo;\u00e9ligibilit\u00e9 directe \u00e0 la <strong>prime<\/strong><\/li>\n \t<li><strong>Compensation du handicap<\/strong> : peut couvrir des <strong>besoins<\/strong> compl\u00e9mentaires aux travaux<\/li>\n \t<li><strong>Cumul possible<\/strong> : maximisez vos <strong>aides<\/strong> financi\u00e8res<\/li>\n<\/ul>\n<h3>Les d\u00e9marches MDPH pour les moins de 60 ans<\/h3>\nLa MDPH de votre d\u00e9partement est votre interlocuteur principal. D\u00e9posez un dossier comprenant certificat m\u00e9dical et formulaire de <strong>demande<\/strong>. Les d\u00e9lais peuvent atteindre plusieurs mois, alors anticipez. Chez BelAvie, notre <strong>assistant \u00e0 ma\u00eetrise d&rsquo;ouvrage<\/strong> vous aide \u00e0 pr\u00e9parer ces documents en parall\u00e8le du <strong>diagnostic<\/strong> logement pour gagner un temps pr\u00e9cieux.\n<div style=\"background-color: #f2f2f2; padding: 20px; margin: 20px 0;\">\ud83d\udca1 <strong>Le conseil sant\u00e9 de l&rsquo;ergoth\u00e9rapeute<\/strong> : N&rsquo;attendez pas d&rsquo;\u00eatre en difficult\u00e9 pour faire \u00e9valuer votre <strong>situation<\/strong>. Une reconnaissance pr\u00e9coce du <strong>handicap<\/strong> ou de la <strong>perte d&rsquo;autonomie<\/strong> vous permet d&rsquo;anticiper les <strong>travaux<\/strong> et de vivre chez vous en toute <strong>s\u00e9curit\u00e9<\/strong>.<\/div>\n<h2>Les plafonds de ressources Ma Prime Adapt&rsquo; selon votre situation<\/h2>\n<img decoding=\"async\" class=\"aligncenter wp-image-5055 size-full\" src=\"http:\/\/bel-avie.com\/blog\/wp-content\/uploads\/2026\/01\/Baremes-ressources-Ma-Prime-Adapt-Ile-de-France-province.jpeg\" alt=\"Bar\u00e8mes ressources Ma Prime Adapt \u00cele-de-France province\" width=\"1376\" height=\"768\" srcset=\"https:\/\/bel-avie.com\/blog\/wp-content\/uploads\/2026\/01\/Baremes-ressources-Ma-Prime-Adapt-Ile-de-France-province.jpeg 1376w, https:\/\/bel-avie.com\/blog\/wp-content\/uploads\/2026\/01\/Baremes-ressources-Ma-Prime-Adapt-Ile-de-France-province-300x167.jpeg 300w, https:\/\/bel-avie.com\/blog\/wp-content\/uploads\/2026\/01\/Baremes-ressources-Ma-Prime-Adapt-Ile-de-France-province-1024x572.jpeg 1024w, https:\/\/bel-avie.com\/blog\/wp-content\/uploads\/2026\/01\/Baremes-ressources-Ma-Prime-Adapt-Ile-de-France-province-768x429.jpeg 768w\" sizes=\"(max-width: 1376px) 100vw, 1376px\" \/>\n<h3>Comprendre les bar\u00e8mes ANAH 2026 : revenus modestes et tr\u00e8s modestes<\/h3>\nVotre \u00e9ligibilit\u00e9 d\u00e9pend aussi de vos <strong>ressources<\/strong>. L&rsquo;<strong>Agence Nationale de l&rsquo;Habitat<\/strong> d\u00e9finit deux cat\u00e9gories avec des plafonds 2026 revus \u00e0 la hausse : les m\u00e9nages aux <strong>revenus<\/strong> <strong>modestes<\/strong> (bar\u00e8me jaune) et tr\u00e8s <strong>modestes<\/strong> (bar\u00e8me bleu). Ces <strong>plafonds<\/strong> varient selon la composition de votre <strong>foyer<\/strong> et votre zone g\u00e9ographique. Par exemple : 17 363\u20ac pour une personne seule en province (tr\u00e8s modeste) et 24 031\u20ac en \u00cele-de-France. Votre <strong>revenu fiscal de r\u00e9f\u00e9rence<\/strong> figurant sur votre avis d&rsquo;imposition d\u00e9termine votre cat\u00e9gorie.\n<h3>Les montants d&rsquo;aide selon votre cat\u00e9gorie : 50% ou 70% de prise en charge<\/h3>\nLe <strong>montant<\/strong> de votre <strong>aide<\/strong> d\u00e9pend directement de vos <strong>ressources<\/strong>. Les m\u00e9nages tr\u00e8s <strong>modestes<\/strong> b\u00e9n\u00e9ficient d&rsquo;une prise en charge de 70% des <strong>travaux<\/strong>, soit jusqu&rsquo;\u00e0 15 400\u20ac. Les m\u00e9nages <strong>modestes<\/strong> obtiennent 50%, plafonn\u00e9 \u00e0 11 000\u20ac. Dans tous les cas, le <strong>plafond<\/strong> de <strong>travaux<\/strong> \u00e9ligibles est fix\u00e9 \u00e0 22 000\u20ac HT. Une <strong>aide<\/strong> substantielle pour transformer votre <strong>logement<\/strong>.\n<table style=\"width: 100%; border-collapse: collapse; margin: 20px 0;\" border=\"1\" cellspacing=\"0\" cellpadding=\"10\">\n<thead>\n<tr style=\"background-color: #f2f2f2;\">\n<th>Cat\u00e9gorie de <strong>revenus<\/strong><\/th>\n<th><strong>Taux<\/strong> de prise en charge<\/th>\n<th><strong>Montant<\/strong> maximum<\/th>\n<th><strong>Plafond<\/strong> travaux<\/th>\n<\/tr>\n<\/thead>\n<tbody>\n<tr>\n<td>Tr\u00e8s <strong>modestes<\/strong> (Bleu)<\/td>\n<td>70%<\/td>\n<td>15 400\u20ac<\/td>\n<td>22 000\u20ac HT<\/td>\n<\/tr>\n<tr>\n<td><strong>Modestes<\/strong> (Jaune)<\/td>\n<td>50%<\/td>\n<td>11 000\u20ac<\/td>\n<td>22 000\u20ac HT<\/td>\n<\/tr>\n<\/tbody>\n<\/table>\n<h3>Calculer votre reste \u00e0 charge r\u00e9el apr\u00e8s d\u00e9duction des aides<\/h3>\nCombien vous restera-t-il \u00e0 payer ? Pour un <strong>projet<\/strong> de 15 000\u20ac, un m\u00e9nage tr\u00e8s <strong>modestes<\/strong> b\u00e9n\u00e9ficie de 10 500\u20ac d&rsquo;<strong>aide<\/strong>. Reste \u00e0 charge : 4 500\u20ac. Et ce n&rsquo;est pas tout : d&rsquo;autres <strong>aides<\/strong> peuvent s&rsquo;ajouter. Chez BelAvie, nous vous aidons \u00e0 trouver et obtenir tous les <strong>financements<\/strong> possibles pour r\u00e9duire votre reste \u00e0 charge moyen, actuellement autour de 4 158\u20ac pour nos b\u00e9n\u00e9ficiaires.\n<blockquote>\u00ab\u00a0Chaque <strong>personne<\/strong> m\u00e9rite de vieillir dignement chez elle. Notre mission est de rendre cela possible en simplifiant l&rsquo;<strong>acc\u00e8s<\/strong> aux <strong>aides<\/strong>.\u00a0\u00bb\n\u2014 Bastien Zemb, co-fondateur dirigeant de BelAvie &amp; Ergoth\u00e9rapeute dipl\u00f4m\u00e9 d&rsquo;\u00c9tat depuis plus de 13 ans.<\/blockquote>\n<section style=\"padding: 40px 0; font-family: Arial, sans-serif; background-color: transparent;\">\n<div style=\"max-width: 1200px; margin: 0 auto; padding: 0 20px;\">\n<div style=\"background-color: #96182c; border-radius: 25px; padding: 50px 40px; text-align: center; color: #ffffff; box-shadow: 0 10px 30px rgba(0,0,0,0.1);\">\n<h2 style=\"font-size: 34px; font-weight: 800; margin: 0 0 20px 0; color: #ffffff; line-height: 1.2;\">\u00c0 quel montant de prime avez-vous droit ?<\/h2>\n<p style=\"font-size: 19px; margin: 0 auto 35px auto; line-height: 1.5; max-width: 900px; color: #ffffff;\">Le montant de MaPrimeAdapt&rsquo; d\u00e9pend de vos revenus et de votre zone g\u00e9ographique. Calculez en 2 minutes si vous \u00eates en cat\u00e9gorie \u00ab\u00a0Bleue\u00a0\u00bb (70%) ou \u00ab\u00a0Jaune\u00a0\u00bb (50%) pour financer vos travaux.<\/p>\n\n<div style=\"display: flex; flex-wrap: wrap; justify-content: center; gap: 25px; align-items: center;\"><!-- Bouton simulation financi\u00e8re -->\n<a style=\"background-color: #ffffff; color: #96182c; padding: 18px 40px; border-radius: 60px; text-decoration: none; font-weight: 750; font-size: 17px; display: inline-block; transition: all 0.3s ease;\" href=\"https:\/\/maprimeadapt.bel-avie.com\/simulateur-site-internet\">\nCalculer mes aides<\/a><!-- Lien diagnostic -->\n<a style=\"color: #ffffff; text-decoration: none; font-weight: bold; font-size: 17px; border-bottom: 2px solid #ffffff; padding-bottom: 4px; display: inline-block;\" href=\"https:\/\/bel-avie.com\/contact.html\">\nDemander un diagnostic gratuit <span style=\"margin-left: 6px; font-size: 20px; vertical-align: middle;\">\u203a<\/span>\n<\/a>\n<\/div>\n<\/div>\n<\/div>\n<\/section>\n<h2>Les conditions li\u00e9es au logement et aux travaux \u00e9ligibles<\/h2>\n<h3>R\u00e9sidence principale : propri\u00e9taire, locataire ou usufruitier<\/h3>\nQue vous soyez <strong>propri\u00e9taire<\/strong>, <strong>locataire<\/strong> ou usufruitier, <strong>Ma Prime Adapt&rsquo;<\/strong> peut vous concerner. La seule <strong>condition<\/strong> : il doit s&rsquo;agir de votre <strong>r\u00e9sidence principale<\/strong> situ\u00e9e en <strong>France<\/strong> m\u00e9tropolitaine ou outre-mer. Si vous \u00eates <strong>locataire<\/strong>, l&rsquo;accord \u00e9crit de votre <strong>propri\u00e9taire<\/strong> est indispensable avant de lancer les <strong>travaux<\/strong>. Les <strong>propri\u00e9taires<\/strong> bailleurs peuvent \u00e9galement en <strong>b\u00e9n\u00e9ficier<\/strong> pour le <strong>parc priv\u00e9<\/strong>.\n<h3>Les travaux d&rsquo;adaptation couverts : douche, monte-escalier, rampes<\/h3>\nQuels <strong>travaux<\/strong> sont finan\u00e7ables ? Tous ceux qui am\u00e9liorent l&rsquo;<strong>accessibilit\u00e9<\/strong> et la <strong>s\u00e9curit\u00e9<\/strong> de votre <strong>logement<\/strong>. Le <strong>remplacement d&rsquo;une baignoire<\/strong> par une <strong>douche de plain-pied<\/strong>, l&rsquo;<strong>installation d&rsquo;un monte-escalier<\/strong>, la <strong>pose<\/strong> d&rsquo;une <strong>rampe d&rsquo;acc\u00e8s<\/strong>, l&rsquo;\u00e9largissement des <strong>portes<\/strong>&#8230; Les <strong>volets roulants \u00e9lectriques<\/strong> facilitant la <strong>mobilit\u00e9<\/strong> sont \u00e9galement \u00e9ligibles. Chaque <strong>projet<\/strong> est personnalis\u00e9 selon vos <strong>besoins<\/strong>.\n<ol>\n \t<li><strong>Douche<\/strong> s\u00e9curis\u00e9e : <strong>remplacement<\/strong> <strong>baignoire<\/strong> par douche \u00e0 l&rsquo;italienne<\/li>\n \t<li><strong>Monte-escalier<\/strong> : <strong>installation<\/strong> pour retrouver l&rsquo;<strong>acc\u00e8s<\/strong> aux \u00e9tages<\/li>\n \t<li><strong>Rampe<\/strong> : cr\u00e9ation d&rsquo;<strong>acc\u00e8s<\/strong> pour fauteuil roulant<\/li>\n \t<li><strong>Volets<\/strong> : motorisation des <strong>volets roulants<\/strong><\/li>\n \t<li><strong>Cuisine adapt\u00e9e<\/strong> : abaissement des plans de travail, mobilier accessible<\/li>\n \t<li><strong>Domotique<\/strong> : commandes simplifi\u00e9es et sc\u00e9narios automatis\u00e9s pour le confort.<\/li>\n<\/ol>\n<h3>L&rsquo;obligation de faire appel \u00e0 des professionnels RGE<\/h3>\nBien qu&rsquo;il ne soit pas obligatoire de faire appel \u00e0 des professionnels labellis\u00e9s, nous vous recommandons vivement de choisir des artisans qualifi\u00e9s pour garantir la qualit\u00e9 et la conformit\u00e9 de vos travaux : labels Handibat, SilverBat ou Pro Adapt sont essentiels pour cette raison. Chez BelAvie, nous travaillons avec un r\u00e9seau de plus de 10 000 artisans form\u00e9s. Notre <strong>conseiller<\/strong> vous met en relation avec des entreprises de confiance pour garantir une <strong>r\u00e9alisation<\/strong> de qualit\u00e9.\n<div style=\"background-color: #f2f2f2; padding: 20px; margin: 20px 0;\">\u26a0\ufe0f <strong>Le pi\u00e8ge \u00e0 \u00e9viter : commencer les travaux avant la compl\u00e9tude de votre dossier ou avant votre dossier complet au niveau de l&rsquo;ANAH<\/strong> ! Ne signez jamais de devis et ne d\u00e9marrez aucun travail avant d&rsquo;avoir re\u00e7u l&rsquo;accord officiel. Les <strong>travaux<\/strong> anticip\u00e9s ne sont pas rembours\u00e9s. Patience et m\u00e9thode sont vos meilleures alli\u00e9es.<\/div>\n<h2>Le parcours administratif pour obtenir Ma Prime Adapt&rsquo;<\/h2>\n<img decoding=\"async\" class=\"aligncenter wp-image-5054 size-full\" src=\"http:\/\/bel-avie.com\/blog\/wp-content\/uploads\/2026\/01\/Accompagnement-AMO-avance-travaux-Ma-Prime-Adapt.jpeg\" alt=\"Accompagnement AMO avance travaux Ma Prime Adapt\" width=\"1376\" height=\"768\" srcset=\"https:\/\/bel-avie.com\/blog\/wp-content\/uploads\/2026\/01\/Accompagnement-AMO-avance-travaux-Ma-Prime-Adapt.jpeg 1376w, https:\/\/bel-avie.com\/blog\/wp-content\/uploads\/2026\/01\/Accompagnement-AMO-avance-travaux-Ma-Prime-Adapt-300x167.jpeg 300w, https:\/\/bel-avie.com\/blog\/wp-content\/uploads\/2026\/01\/Accompagnement-AMO-avance-travaux-Ma-Prime-Adapt-1024x572.jpeg 1024w, https:\/\/bel-avie.com\/blog\/wp-content\/uploads\/2026\/01\/Accompagnement-AMO-avance-travaux-Ma-Prime-Adapt-768x429.jpeg 768w\" sizes=\"(max-width: 1376px) 100vw, 1376px\" \/>\n<h3>Cr\u00e9er son compte France R\u00e9nov&rsquo; : la premi\u00e8re \u00e9tape indispensable<\/h3>\nTout commence en ligne. Rendez-vous sur le <strong>site<\/strong> <strong>France<\/strong> R\u00e9nov&rsquo; (<strong>gouv.fr<\/strong>) pour cr\u00e9er votre <strong>espace<\/strong> personnel. Cette plateforme <strong>nationale<\/strong> centralise votre <strong>demande d&rsquo;aide<\/strong> et le suivi de votre dossier. Munissez-vous de votre <strong>adresse<\/strong> email et de vos documents d&rsquo;identit\u00e9. Si l&rsquo;informatique vous intimide, <strong>notre \u00e9quipe peut vous accompagner dans cette d\u00e9marche<\/strong>.\n<h3>Le r\u00f4le obligatoire de l&rsquo;Assistant \u00e0 Ma\u00eetrise d&rsquo;Ouvrage (AMO)<\/h3>\nBonne nouvelle : vous n&rsquo;\u00eates pas seul. L&rsquo;accompagnement par un <strong>Assistant \u00e0 Ma\u00eetrise d&rsquo;Ouvrage<\/strong> habilit\u00e9 est obligatoire et pris en charge dans le <strong>cadre<\/strong> de <strong>Ma Prime Adapt&rsquo;<\/strong>. L&rsquo;AMO, comme BelAvie, r\u00e9alise le <strong>diagnostic<\/strong>, monte votre dossier, recherche les <strong>financements<\/strong> et supervise les <strong>travaux<\/strong>. Un v\u00e9ritable <strong>assistant<\/strong> de A \u00e0 Z pour votre <strong>projet<\/strong>.\n<h3>Les d\u00e9lais de traitement et le versement de l&rsquo;aide<\/h3>\nCombien de temps faut-il attendre ? L&rsquo;instruction de votre <strong>demande<\/strong> prend g\u00e9n\u00e9ralement quelques semaines \u00e0 quelques mois selon les d\u00e9partements. L&rsquo;<strong>aide<\/strong> est vers\u00e9e directement par l&rsquo;<strong>ANAH<\/strong> apr\u00e8s validation des <strong>travaux<\/strong>. Chez BelAvie, nous finalisons les <strong>projets<\/strong> en moins de 6 mois gr\u00e2ce \u00e0 nos outils et notre expertise. En 2025, l&rsquo;avance peut atteindre 30% du <strong>montant<\/strong> pr\u00e9visionnel.\n<blockquote>\u00ab\u00a0L&rsquo;ergoth\u00e9rapie, c&rsquo;est observer comment vous vivez pour <strong>adapter<\/strong> votre environnement. Une barre d&rsquo;appui bien plac\u00e9e peut changer votre quotidien.\u00a0\u00bb\n\u2014 Bastien Zemb, co-fondateur dirigeant de BelAvie &amp; Ergoth\u00e9rapeute dipl\u00f4m\u00e9 d&rsquo;\u00c9tat depuis plus de 13 ans.<\/blockquote>\n<h2>Comment cumuler Ma Prime Adapt&rsquo; avec d&rsquo;autres aides<\/h2>\n<img decoding=\"async\" class=\"aligncenter wp-image-5056 size-full\" src=\"http:\/\/bel-avie.com\/blog\/wp-content\/uploads\/2026\/01\/Cumul-aides-financieres-caisses-retraite-credit-impot.jpeg\" alt=\"Cumul aides financi\u00e8res caisses retraite cr\u00e9dit imp\u00f4t\" width=\"1376\" height=\"768\" srcset=\"https:\/\/bel-avie.com\/blog\/wp-content\/uploads\/2026\/01\/Cumul-aides-financieres-caisses-retraite-credit-impot.jpeg 1376w, https:\/\/bel-avie.com\/blog\/wp-content\/uploads\/2026\/01\/Cumul-aides-financieres-caisses-retraite-credit-impot-300x167.jpeg 300w, https:\/\/bel-avie.com\/blog\/wp-content\/uploads\/2026\/01\/Cumul-aides-financieres-caisses-retraite-credit-impot-1024x572.jpeg 1024w, https:\/\/bel-avie.com\/blog\/wp-content\/uploads\/2026\/01\/Cumul-aides-financieres-caisses-retraite-credit-impot-768x429.jpeg 768w\" sizes=\"(max-width: 1376px) 100vw, 1376px\" \/>\n<h3>L&rsquo;articulation avec l&rsquo;APA et la PCH : maximiser vos financements<\/h3>\nNe vous contentez pas d&rsquo;une seule <strong>aide<\/strong>. L&rsquo;Allocation Personnalis\u00e9e d&rsquo;<strong>Autonomie<\/strong> (APA) pour les <strong>personnes \u00e2g\u00e9es<\/strong> et la <strong>Prestation de Compensation du Handicap<\/strong> (<strong>PCH<\/strong>) sont cumulables avec <strong>Ma Prime Adapt&rsquo;<\/strong>. Ces <strong>aides<\/strong> d\u00e9partementales peuvent <strong>financer<\/strong> des <strong>besoins<\/strong> compl\u00e9mentaires comme les aides humaines ou techniques. Notre <strong>conseiller<\/strong> \u00e9tudie syst\u00e9matiquement toutes les pistes pour vous.\n<h3>Les aides des caisses de retraite compl\u00e9mentaires<\/h3>\nVotre caisse de retraite peut \u00e9galement contribuer. De nombreuses caisses proposent des <strong>aides<\/strong> \u00e0 l&rsquo;<strong>adaptation<\/strong> du <strong>logement<\/strong> pour leurs adh\u00e9rents. AGIRC-ARRCO, MSA, CNRACL&#8230; Chaque <strong>situation<\/strong> est unique. Chez BelAvie, nous identifions tous les <strong>financements<\/strong> auxquels vous avez droit selon votre parcours professionnel.\n<h3>Le cr\u00e9dit d&rsquo;imp\u00f4t et la TVA r\u00e9duite : des avantages conditionn\u00e9s<\/h3>\n<strong>Attention :<\/strong> Pour les m\u00e9nages aux revenus modestes et tr\u00e8s modestes (votre cas), <strong>Ma Prime Adapt&rsquo; remplace le cr\u00e9dit d&rsquo;imp\u00f4t<\/strong>. Vous ne pouvez pas cumuler les deux pour les m\u00eames travaux. Le cr\u00e9dit d&rsquo;imp\u00f4t de 25% reste accessible aux revenus interm\u00e9diaires (non \u00e9ligibles \u00e0 Ma Prime Adapt&rsquo;). En revanche, la <strong>TVA r\u00e9duite \u00e0 10%<\/strong> s&rsquo;applique \u00e0 tous. Notre conseiller optimise votre plan de financement dans le respect strict de la r\u00e9glementation.\n<div style=\"background-color: #f2f2f2; padding: 20px; margin: 20px 0;\">\u270d\ufe0f <strong>L&rsquo;avis de l&rsquo;auteur<\/strong> : Apr\u00e8s avoir accompagn\u00e9 des centaines de familles, je constate que le vrai soulagement vient quand tout est pris en charge. Voir un parent retrouver sa salle de bain sans crainte, c&rsquo;est une s\u00e9r\u00e9nit\u00e9 qui n&rsquo;a pas de prix. Et quand on cumule intelligemment les <strong>aides<\/strong>, cette s\u00e9r\u00e9nit\u00e9 devient <strong>accessible<\/strong>.<\/div>\n<h2>Pourquoi se faire accompagner par BelAvie pour votre demande Ma Prime Adapt&rsquo;<\/h2>\n<img decoding=\"async\" class=\"aligncenter wp-image-5057 size-full\" src=\"http:\/\/bel-avie.com\/blog\/wp-content\/uploads\/2026\/01\/Expertise-BelAvie-montage-dossier-adaptation-logement-senior.jpeg\" alt=\"Expertise BelAvie montage dossier adaptation logement senior\" width=\"1376\" height=\"768\" srcset=\"https:\/\/bel-avie.com\/blog\/wp-content\/uploads\/2026\/01\/Expertise-BelAvie-montage-dossier-adaptation-logement-senior.jpeg 1376w, https:\/\/bel-avie.com\/blog\/wp-content\/uploads\/2026\/01\/Expertise-BelAvie-montage-dossier-adaptation-logement-senior-300x167.jpeg 300w, https:\/\/bel-avie.com\/blog\/wp-content\/uploads\/2026\/01\/Expertise-BelAvie-montage-dossier-adaptation-logement-senior-1024x572.jpeg 1024w, https:\/\/bel-avie.com\/blog\/wp-content\/uploads\/2026\/01\/Expertise-BelAvie-montage-dossier-adaptation-logement-senior-768x429.jpeg 768w\" sizes=\"(max-width: 1376px) 100vw, 1376px\" \/>\n<h3>Une expertise reconnue sur les dossiers ANAH depuis 2016<\/h3>\nDepuis notre cr\u00e9ation par deux ergoth\u00e9rapeutes, nous avons accompagn\u00e9 plus de 6000 <strong>logements<\/strong> adapt\u00e9s. Notre habilitation <strong>ANAH<\/strong> sur 72 d\u00e9partements t\u00e9moigne de notre s\u00e9rieux. Nous connaissons chaque subtilit\u00e9 des bar\u00e8mes, chaque \u00e9volution r\u00e9glementaire. Cette expertise, c&rsquo;est votre garantie d&rsquo;un dossier solide et d&rsquo;une <strong>aide<\/strong> maximis\u00e9e.\n<h3>Un diagnostic ergoth\u00e9rapeute sous 15 jours pour cibler vos besoins<\/h3>\nNotre r\u00e9seau de plus de 300 ergoth\u00e9rapeutes intervient chez vous rapidement. En 15 jours maximum, un professionnel \u00e9value votre <strong>logement<\/strong> et vos <strong>besoins<\/strong>. Ce <strong>diagnostic<\/strong> personnalis\u00e9 d\u00e9termine les <strong>travaux<\/strong> vraiment utiles pour votre <strong>s\u00e9curit\u00e9<\/strong>. Pas de solutions standardis\u00e9es : chaque <strong>projet<\/strong> est unique comme vous.\n<h3>Un accompagnement de A \u00e0 Z : du montage administratif au suivi des travaux<\/h3>\nPaperasse, d\u00e9marches, relances&#8230; Nous prenons tout en charge. Notre <strong>assistant \u00e0 ma\u00eetrise d&rsquo;ouvrage<\/strong> constitue votre dossier, n\u00e9gocie avec les artisans, supervise la <strong>r\u00e9alisation<\/strong>. R\u00e9sultat : 4,3\/5 de satisfaction et des <strong>projets<\/strong> finalis\u00e9s en moins de 6 mois. Vous n&rsquo;avez qu&rsquo;\u00e0 profiter de votre <strong>nouvelle<\/strong> <strong>douche<\/strong> s\u00e9curis\u00e9e ou de votre <strong>monte-escalier<\/strong>.\n<ol>\n \t<li><strong>Diagnostic<\/strong> personnalis\u00e9 sous 15 jours<\/li>\n \t<li>Montage complet de votre dossier <strong>ANAH<\/strong><\/li>\n \t<li>Recherche de tous les <strong>financements<\/strong> cumulables<\/li>\n \t<li>Mise en relation avec artisans qualifi\u00e9s<\/li>\n \t<li>Suivi des <strong>travaux<\/strong> jusqu&rsquo;\u00e0 la <strong>r\u00e9ception<\/strong><\/li>\n<\/ol>\n<h2>Conclusion<\/h2>\nV\u00e9rifier votre \u00e9ligibilit\u00e9 \u00e0 <strong>Ma Prime Adapt&rsquo;<\/strong> est le premier pas vers un <strong>logement<\/strong> plus s\u00fbr. Que vous ayez 70 <strong>ans<\/strong> ou plus, entre 60 et 69 ans avec une <strong>perte d&rsquo;autonomie<\/strong>, ou moins de 60 ans avec un <strong>handicap<\/strong> reconnu, cette <strong>aide<\/strong> peut transformer votre quotidien. Les <strong>plafonds<\/strong> de <strong>ressources<\/strong> permettent \u00e0 de nombreux <strong>foyers<\/strong> d&rsquo;en <strong>b\u00e9n\u00e9ficier<\/strong>, avec des prises en charge allant jusqu&rsquo;\u00e0 15 400\u20ac.\n\nBelAvie, fort de plus de 6000 <strong>logements<\/strong> adapt\u00e9s et de 72 habilitations <strong>ANAH<\/strong>, vous accompagne dans cette d\u00e9marche parfois complexe. Notre simulateur gratuit vous permet de v\u00e9rifier votre \u00e9ligibilit\u00e9 en moins d&rsquo;une minute. Premi\u00e8re \u00e9tape vers la s\u00e9r\u00e9nit\u00e9 et le maintien \u00e0 domicile que vous m\u00e9ritez.\n<h2>FAQ<\/h2>\n<h3>Peut-on b\u00e9n\u00e9ficier de Ma Prime Adapt&rsquo; avec des revenus moyens ?<\/h3>\nNon, <strong>Ma Prime Adapt&rsquo;<\/strong> est r\u00e9serv\u00e9e aux m\u00e9nages aux <strong>revenus<\/strong> <strong>modestes<\/strong> et tr\u00e8s <strong>modestes<\/strong> selon les bar\u00e8mes <strong>ANAH<\/strong>. Les <strong>revenus<\/strong> interm\u00e9diaires ne sont pas \u00e9ligibles \u00e0 ce <strong>dispositif<\/strong>, mais peuvent <strong>b\u00e9n\u00e9ficier<\/strong> du <strong>cr\u00e9dit d&rsquo;imp\u00f4t<\/strong> et d&rsquo;autres <strong>aides<\/strong> locales.\n<h3>Combien de temps faut-il pour obtenir l&rsquo;accord de Ma Prime Adapt&rsquo; ?<\/h3>\nL&rsquo;instruction du dossier prend g\u00e9n\u00e9ralement 2 \u00e0 4 mois selon les d\u00e9partements. Chez BelAvie, nous finalisons les <strong>projets<\/strong> complets en moins de 6 mois, du premier contact \u00e0 la fin des <strong>travaux<\/strong>. Notre <strong>maitrise<\/strong> des proc\u00e9dures acc\u00e9l\u00e8re les d\u00e9lais.\n<h3>Un locataire peut-il demander Ma Prime Adapt&rsquo; sans l&rsquo;accord du propri\u00e9taire ?<\/h3>\nNon, l&rsquo;accord \u00e9crit du <strong>propri\u00e9taire<\/strong> est obligatoire pour tout <strong>locataire<\/strong>. Les <strong>travaux<\/strong> d&rsquo;<strong>adaptation<\/strong> modifient le <strong>logement<\/strong> : le bailleur doit donner son autorisation avant toute <strong>demande<\/strong>. Sans cet accord, votre dossier sera refus\u00e9.\n<h3>Les travaux doivent-ils obligatoirement \u00eatre r\u00e9alis\u00e9s par des artisans labellis\u00e9s ?<\/h3>\nNon, les labels ne sont pas obligatoires pour Ma Prime Adapt&rsquo;. Cependant, nous recommandons vivement de faire appel \u00e0 des professionnels certifi\u00e9s Handibat, Silverbat ou Pro Access. Ces labels garantissent l&rsquo;expertise et le s\u00e9rieux des artisans. BelAvie travaille avec ces professionnels depuis 2022 dans le cadre d&rsquo;un partenariat national, vous assurant ainsi des travaux de qualit\u00e9 pour votre projet d&rsquo;adaptation.\n<h3>Quelle est la diff\u00e9rence entre le bar\u00e8me jaune et bleu de l&rsquo;ANAH ?<\/h3>\nLe bar\u00e8me bleu concerne les m\u00e9nages tr\u00e8s <strong>modestes<\/strong> (70% de prise en charge). Le bar\u00e8me jaune s&rsquo;applique aux <strong>revenus<\/strong> <strong>modestes<\/strong> (50% de prise en charge). Les <strong>plafonds<\/strong> varient selon la composition du <strong>foyer<\/strong> et la zone g\u00e9ographique (\u00cele-de-<strong>France<\/strong> ou province).\n<h3>Ma Prime Adapt&rsquo; est-elle cumulable avec le cr\u00e9dit d&rsquo;imp\u00f4t handicap ?<\/h3>\n<strong>Non pour les revenus modestes\/tr\u00e8s modestes.<\/strong> Ma Prime Adapt&rsquo; remplace le cr\u00e9dit d&rsquo;imp\u00f4t pour votre cat\u00e9gorie. Si vous aviez droit au cr\u00e9dit d&rsquo;imp\u00f4t avant 2024, vous devez maintenant choisir Ma Prime Adapt&rsquo; qui est plus avantageuse (50% ou 70% vs 25%). Le cumul est interdit par l&rsquo;administration fiscale. Notre conseiller v\u00e9rifie votre \u00e9ligibilit\u00e9 optimale.\t\t\t\t\t\t<\/div>\n\t\t\t\t<\/div>\n\t\t\t\t<div class=\"elementor-element elementor-element-49556b0 elementor-widget elementor-widget-html\" data-id=\"49556b0\" data-element_type=\"widget\" data-widget_type=\"html.default\">\n\t\t\t\t<div class=\"elementor-widget-container\">\n\t\t\t<section style=\"padding: 50px 0; font-family: Arial, sans-serif; background-color: transparent;\">\r\n    <div style=\"max-width: 1200px; margin: 0 auto; padding: 0 20px;\">\r\n        <div style=\"background-color: #96182c; border-radius: 25px; padding: 60px 40px; text-align: center; color: #ffffff; box-shadow: 0 15px 35px rgba(0,0,0,0.15);\">\r\n            \r\n            <h2 style=\"font-size: 40px; font-weight: 800; margin: 0 0 25px 0; color: #ffffff; line-height: 1.1; letter-spacing: -0.5px;\">\r\n                Pr\u00eat \u00e0 s\u00e9curiser votre logement avec MaPrimeAdapt' ?\r\n            <\/h2>\r\n            \r\n            <p style=\"font-size: 20px; margin: 0 auto 40px auto; line-height: 1.6; max-width: 1000px; color: #ffffff; opacity: 1;\">\r\n                B\u00e9n\u00e9ficiez d'un accompagnement sur-mesure pour votre projet d'adaptation. Nos ergoth\u00e9rapeutes dipl\u00f4m\u00e9s \u00e9valuent vos besoins gratuitement \u00e0 domicile et nous montons votre dossier pour r\u00e9duire votre reste \u00e0 charge jusqu'\u00e0 80 %.\r\n            <\/p>\r\n            \r\n            <div style=\"display: flex; flex-wrap: wrap; justify-content: center; gap: 35px; align-items: center;\">\r\n                <!-- Bouton simulation -->\r\n                <a href=\"https:\/\/maprimeadapt.bel-avie.com\/simulateur-site-internet\" style=\"background-color: #ffffff; color: #96182c; padding: 20px 45px; border-radius: 60px; text-decoration: none; font-weight: 750; font-size: 18px; display: inline-block; text-transform: none; transition: all 0.3s ease;\">\r\n                    V\u00e9rifier mon \u00e9ligibilit\u00e9\r\n                <\/a>\r\n                \r\n                <!-- Lien rappel -->\r\n                <a href=\"https:\/\/bel-avie.com\/contact.html\" style=\"color: #ffffff; text-decoration: none; font-weight: 700; font-size: 18px; border-bottom: 2px solid #ffffff; padding-bottom: 4px; display: inline-block;\">\r\n                    \u00catre rappel\u00e9 gratuitement <span style=\"margin-left: 8px; font-size: 22px; vertical-align: middle;\">&rsaquo;<\/span>\r\n                <\/a>\r\n            <\/div>\r\n            \r\n        <\/div>\r\n    <\/div>\r\n<\/section>\r\n\t\t<\/div>\n\t\t\t\t<\/div>\n\t\t\t\t\t<\/div>\n\t\t<\/div>\n\t\t\t\t\t\t\t<\/div>\n\t\t<\/section>\n\t\t\t\t<section class=\"elementor-section elementor-top-section elementor-element elementor-element-bd77b2b elementor-section-boxed elementor-section-height-default elementor-section-height-default\" data-id=\"bd77b2b\" data-element_type=\"section\">\n\t\t\t\t\t\t<div class=\"elementor-container elementor-column-gap-default\">\n\t\t\t\t\t<div class=\"elementor-column elementor-col-100 elementor-top-column elementor-element elementor-element-d10655c\" data-id=\"d10655c\" data-element_type=\"column\">\n\t\t\t<div class=\"elementor-widget-wrap elementor-element-populated\">\n\t\t\t\t\t\t\t\t<div class=\"elementor-element elementor-element-4508fdc elementor-widget elementor-widget-html\" data-id=\"4508fdc\" data-element_type=\"widget\" data-widget_type=\"html.default\">\n\t\t\t\t<div class=\"elementor-widget-container\">\n\t\t\t<!-- Schema Fil d'Ariane -->\r\n<script type=\"application\/ld+json\">\r\n{\r\n  \"@context\": \"https:\/\/schema.org\",\r\n  \"@type\": \"BreadcrumbList\",\r\n  \"itemListElement\": [\r\n    {\r\n      \"@type\": \"ListItem\",\r\n      \"position\": 1,\r\n      \"name\": \"Accueil\",\r\n      \"item\": \"https:\/\/bel-avie.com\/\"\r\n    },\r\n    {\r\n      \"@type\": \"ListItem\",\r\n      \"position\": 2,\r\n      \"name\": \"Blog\",\r\n      \"item\": \"https:\/\/bel-avie.com\/blog\/\"\r\n    },\r\n    {\r\n      \"@type\": \"ListItem\",\r\n      \"position\": 3,\r\n      \"name\": \"Qui a droit \u00e0 Ma Prime Adapt' en 2026 ?\",\r\n      \"item\": \"https:\/\/bel-avie.com\/blog\/qui-a-droit-a-ma-prime-adapt\/\"\r\n    }\r\n  ]\r\n}\r\n<\/script>\r\n\r\n<!-- Schema FAQPage -->\r\n<script type=\"application\/ld+json\">\r\n{\r\n  \"@context\": \"https:\/\/schema.org\",\r\n  \"@type\": \"FAQPage\",\r\n  \"mainEntity\": [\r\n    {\r\n      \"@type\": \"Question\",\r\n      \"name\": \"Quels sont les travaux couverts par Ma Prime Adapt' ?\",\r\n      \"acceptedAnswer\": {\r\n        \"@type\": \"Answer\",\r\n        \"text\": \"Les travaux \u00e9ligibles incluent le remplacement de la baignoire par une douche s\u00e9curis\u00e9e, l'installation de monte-escaliers, l'am\u00e9nagement de la cuisine, les solutions de domotique, ainsi que la pose de rampes d'acc\u00e8s et la motorisation des volets.\"\r\n      }\r\n    },\r\n    {\r\n      \"@type\": \"Question\",\r\n      \"name\": \"Est-il obligatoire de faire appel \u00e0 des artisans labellis\u00e9s RGE ou Handibat ?\",\r\n      \"acceptedAnswer\": {\r\n        \"@type\": \"Answer\",\r\n        \"text\": \"Rien n\u2019est obligatoire r\u00e9glementairement, mais Bel Avie favorise ces qualifications pour garantir la s\u00e9curit\u00e9. Nous avons d'ailleurs un partenariat national avec le r\u00e9seau Handibat depuis 2022 et recommandons \u00e9galement les labels Silverbat et Pro Access.\"\r\n      }\r\n    },\r\n    {\r\n      \"@type\": \"Question\",\r\n      \"name\": \"Un locataire peut-il demander Ma Prime Adapt' ?\",\r\n      \"acceptedAnswer\": {\r\n        \"@type\": \"Answer\",\r\n        \"text\": \"Oui, Ma Prime Adapt' est accessible aux locataires du parc priv\u00e9, sous r\u00e9serve d'obtenir l'accord \u00e9crit du propri\u00e9taire avant le lancement des travaux.\"\r\n      }\r\n    },\r\n    {\r\n      \"@type\": \"Question\",\r\n      \"name\": \"Peut-on cumuler Ma Prime Adapt' avec le cr\u00e9dit d'imp\u00f4t ?\",\r\n      \"acceptedAnswer\": {\r\n        \"@type\": \"Answer\",\r\n        \"text\": \"Pour les m\u00e9nages aux revenus modestes et tr\u00e8s modestes, Ma Prime Adapt' remplace le cr\u00e9dit d'imp\u00f4t. Le cumul n'est pas autoris\u00e9 par l'administration fiscale pour les m\u00eames d\u00e9penses.\"\r\n      }\r\n    }\r\n  ]\r\n}\r\n<\/script>\r\n\t\t<\/div>\n\t\t\t\t<\/div>\n\t\t\t\t\t<\/div>\n\t\t<\/div>\n\t\t\t\t\t\t\t<\/div>\n\t\t<\/section>\n\t\t\t\t\t\t\t<\/div>\n\t\t","protected":false},"excerpt":{"rendered":"<p>En bref Ma Prime Adapt&rsquo; s&rsquo;adresse aux personnes \u00e2g\u00e9es de 70 ans et plus, aux 60-69 ans avec perte d&rsquo;autonomie reconnue (GIR 1-6), et aux personnes en situation de handicap de moins de 60 ans (taux d&rsquo;incapacit\u00e9 \u226550% ou b\u00e9n\u00e9ficiaires PCH). Les revenus modestes et tr\u00e8s modestes selon les bar\u00e8mes ANAH peuvent b\u00e9n\u00e9ficier de cette [&hellip;]<\/p>\n","protected":false},"author":3,"featured_media":5059,"comment_status":"closed","ping_status":"open","sticky":false,"template":"","format":"standard","meta":{"footnotes":""},"categories":[43],"tags":[],"class_list":["post-5048","post","type-post","status-publish","format-standard","has-post-thumbnail","hentry","category-financement"],"_links":{"self":[{"href":"https:\/\/bel-avie.com\/blog\/wp-json\/wp\/v2\/posts\/5048","targetHints":{"allow":["GET"]}}],"collection":[{"href":"https:\/\/bel-avie.com\/blog\/wp-json\/wp\/v2\/posts"}],"about":[{"href":"https:\/\/bel-avie.com\/blog\/wp-json\/wp\/v2\/types\/post"}],"author":[{"embeddable":true,"href":"https:\/\/bel-avie.com\/blog\/wp-json\/wp\/v2\/users\/3"}],"replies":[{"embeddable":true,"href":"https:\/\/bel-avie.com\/blog\/wp-json\/wp\/v2\/comments?post=5048"}],"version-history":[{"count":69,"href":"https:\/\/bel-avie.com\/blog\/wp-json\/wp\/v2\/posts\/5048\/revisions"}],"predecessor-version":[{"id":5136,"href":"https:\/\/bel-avie.com\/blog\/wp-json\/wp\/v2\/posts\/5048\/revisions\/5136"}],"wp:featuredmedia":[{"embeddable":true,"href":"https:\/\/bel-avie.com\/blog\/wp-json\/wp\/v2\/media\/5059"}],"wp:attachment":[{"href":"https:\/\/bel-avie.com\/blog\/wp-json\/wp\/v2\/media?parent=5048"}],"wp:term":[{"taxonomy":"category","embeddable":true,"href":"https:\/\/bel-avie.com\/blog\/wp-json\/wp\/v2\/categories?post=5048"},{"taxonomy":"post_tag","embeddable":true,"href":"https:\/\/bel-avie.com\/blog\/wp-json\/wp\/v2\/tags?post=5048"}],"curies":[{"name":"wp","href":"https:\/\/api.w.org\/{rel}","templated":true}]}}